{"id":12145,"date":"2023-10-12T08:49:43","date_gmt":"2023-10-12T11:49:43","guid":{"rendered":"https:\/\/www.visionweb.com.ar\/?p=12145"},"modified":"2023-10-12T08:49:43","modified_gmt":"2023-10-12T11:49:43","slug":"legislatura-bonaerense-analizan-accesibilidad-en-el-transporte-publico-para-personas-con-tea","status":"publish","type":"post","link":"https:\/\/www.visionweb.com.ar\/?p=12145","title":{"rendered":"Legislatura bonaerense: Analizan accesibilidad en el transporte p\u00fablico para personas con TEA"},"content":{"rendered":"<p><em><strong>Fue durante una charla ofrecida por especialistas en el auditorio de la C\u00e1mara de Diputados bonaerense. Se\u00f1ializaci\u00f3n pictogr\u00e1fica.<\/strong><\/em><!--more--><\/p>\n<div id=\"attachment_12146\" style=\"width: 310px\" class=\"wp-caption alignright\"><img loading=\"lazy\" decoding=\"async\" aria-describedby=\"caption-attachment-12146\" class=\"wp-image-12146 size-medium\" src=\"https:\/\/www.visionweb.com.ar\/wp-content\/uploads\/2023\/10\/HCD-TEA-300x200.png\" alt=\"\" width=\"300\" height=\"200\" srcset=\"https:\/\/www.visionweb.com.ar\/wp-content\/uploads\/2023\/10\/HCD-TEA-300x200.png 300w, https:\/\/www.visionweb.com.ar\/wp-content\/uploads\/2023\/10\/HCD-TEA.png 640w\" sizes=\"auto, (max-width: 300px) 100vw, 300px\" \/><p id=\"caption-attachment-12146\" class=\"wp-caption-text\"><em><strong>En la jornada se reconoci\u00f3 a la l\u00ednea de colectivos 85 por incorporar se\u00f1alizaci\u00f3n pictogr\u00e1fica (Prens HCD)<\/strong><\/em><\/p><\/div>\n<p><strong>E<\/strong>n el Auditorio de la HCD bonaerense, se realiz\u00f3 un encuentro para hablar sobre Trastorno del Espectro Autista y se reconoci\u00f3 el trabajo que llevan a cabo las ONGs Salidas Inclusivas y la Asociaci\u00f3n Civil TGD Padres TEA Quilmes.<\/p>\n<p>Tambi\u00e9n se destac\u00f3 la empat\u00eda y la solidaridad de la l\u00ednea de colectivos 85 de Quilmes, que en marzo de 2022 implement\u00f3 la se\u00f1alizaci\u00f3n pictogr\u00e1fica adaptada para mejorar la experiencia de viaje de los chicos con autismo.<\/p>\n<p>Mariana Ale\u00f1\u00e1, Agustina Girard y Gabriela Leoni Olivera -fundadoras de la ONG Salidas Inclusivas- expusieron sobre Trastorno del Espectro Autista (TEA) y pusieron especial \u00e9nfasis en la importancia de incluir se\u00f1alizaci\u00f3n con pictogramas que permitan una mayor accesibilidad para todas aquellas personas que tengan TEA, a fin de posibilitar una vida m\u00e1s aut\u00f3noma y socialmente m\u00e1s activa.<\/p>\n<p>Posteriormente, Alejandro Garro -gerente de la L\u00ednea 85 de Quilmes- rememor\u00f3 la experiencia de incorporar se\u00f1alizaci\u00f3n pictogr\u00e1fica en la flota de unidades, que comenz\u00f3 con una inquietud genuina que lo llev\u00f3 a investigar sobre los Sistemas Aumentativos y Alternativos de Comunicaci\u00f3n (SAAC) que se usan en tratamientos de los trastornos del autismo para la comprensi\u00f3n del entorno a trav\u00e9s de im\u00e1genes.<\/p>\n<p>En el cierre del encuentro, la legisladora Padulo entreg\u00f3 una distinci\u00f3n a las autoridades de la l\u00ednea de colectivos 85 de Quilmes, pionera en la incorporaci\u00f3n de se\u00f1al\u00e9tica con pictogramas adaptados, en los que se pueden ver diferentes acciones y objetos que sintetizan un mensaje: saludar al chofer, sacar la tarjeta SUBE, por d\u00f3nde subir o bajar del colectivo, ubicaci\u00f3n del timbre para descender o ubicaci\u00f3n de fila en las paradas de colectivos.<\/p>\n<p>Padulo tambi\u00e9n otorg\u00f3 el benepl\u00e1cito parlamentario a las referentes de la ONG Salidas Inclusivas y de la Asociaci\u00f3n Civil TGD Padres TEA Quilmes, por el compromiso asumido en la construcci\u00f3n de pol\u00edticas p\u00fablicas en pos de mejorar la calidad de vida de las personas con autismo.<\/p>\n<p>\u00abEstas actividades son parte de un c\u00edrculo virtuoso que tiene que generar la pol\u00edtica, y esta C\u00e1mara est\u00e1 para garantizarles derechos a las personas\u00bb, asegur\u00f3 la diputada Luciana Padulo, quien celebr\u00f3 la jornada y agradeci\u00f3 tanto la calidad del panel disertante como el inter\u00e9s de la concurrencia<strong>(VW)<\/strong>.<\/p>\n","protected":false},"excerpt":{"rendered":"<p>Fue durante una charla ofrecida por especialistas en el auditorio de la C\u00e1mara de Diputados bonaerense. Se\u00f1ializaci\u00f3n pictogr\u00e1fica.<\/p>\n","protected":false},"author":3,"featured_media":12146,"comment_status":"closed","ping_status":"closed","sticky":false,"template":"","format":"standard","meta":{"_monsterinsights_skip_tracking":false,"_monsterinsights_sitenote_active":false,"_monsterinsights_sitenote_note":"","_monsterinsights_sitenote_category":0,"footnotes":""},"categories":[7,5],"tags":[3070,5064,1522,3104],"class_list":["post-12145","post","type-post","status-publish","format-standard","has-post-thumbnail","hentry","category-educacion-y-cultura","category-sociedad","tag-autismo","tag-charla","tag-hcd","tag-tea"],"_links":{"self":[{"href":"https:\/\/www.visionweb.com.ar\/index.php?rest_route=\/wp\/v2\/posts\/12145","targetHints":{"allow":["GET"]}}],"collection":[{"href":"https:\/\/www.visionweb.com.ar\/index.php?rest_route=\/wp\/v2\/posts"}],"about":[{"href":"https:\/\/www.visionweb.com.ar\/index.php?rest_route=\/wp\/v2\/types\/post"}],"author":[{"embeddable":true,"href":"https:\/\/www.visionweb.com.ar\/index.php?rest_route=\/wp\/v2\/users\/3"}],"replies":[{"embeddable":true,"href":"https:\/\/www.visionweb.com.ar\/index.php?rest_route=%2Fwp%2Fv2%2Fcomments&post=12145"}],"version-history":[{"count":1,"href":"https:\/\/www.visionweb.com.ar\/index.php?rest_route=\/wp\/v2\/posts\/12145\/revisions"}],"predecessor-version":[{"id":12147,"href":"https:\/\/www.visionweb.com.ar\/index.php?rest_route=\/wp\/v2\/posts\/12145\/revisions\/12147"}],"wp:featuredmedia":[{"embeddable":true,"href":"https:\/\/www.visionweb.com.ar\/index.php?rest_route=\/wp\/v2\/media\/12146"}],"wp:attachment":[{"href":"https:\/\/www.visionweb.com.ar\/index.php?rest_route=%2Fwp%2Fv2%2Fmedia&parent=12145"}],"wp:term":[{"taxonomy":"category","embeddable":true,"href":"https:\/\/www.visionweb.com.ar\/index.php?rest_route=%2Fwp%2Fv2%2Fcategories&post=12145"},{"taxonomy":"post_tag","embeddable":true,"href":"https:\/\/www.visionweb.com.ar\/index.php?rest_route=%2Fwp%2Fv2%2Ftags&post=12145"}],"curies":[{"name":"wp","href":"https:\/\/api.w.org\/{rel}","templated":true}]}}