{"id":12138,"date":"2023-10-11T13:52:48","date_gmt":"2023-10-11T16:52:48","guid":{"rendered":"https:\/\/www.visionweb.com.ar\/?p=12138"},"modified":"2023-10-11T13:52:48","modified_gmt":"2023-10-11T16:52:48","slug":"incendios-en-cordoba-la-lluvia-fue-aliada-de-los-bomberos-pero-aun-quedan-controles-por-focos","status":"publish","type":"post","link":"https:\/\/www.visionweb.com.ar\/?p=12138","title":{"rendered":"Incendios en C\u00f3rdoba: La lluvia fue aliada de los bomberos, pero a\u00fan quedan controles por focos"},"content":{"rendered":"<p><em><strong>Llovi\u00f3 partir de las 4 de hoy, y baj\u00f3 la temperatura unos 15 grados. Y as\u00ed el clima benefici\u00f3 el intenso trabajo de los brigadistas en el Valle de Punilla.<\/strong><\/em><!--more--><\/p>\n<div id=\"attachment_12139\" style=\"width: 310px\" class=\"wp-caption alignright\"><img loading=\"lazy\" decoding=\"async\" aria-describedby=\"caption-attachment-12139\" class=\"wp-image-12139 size-medium\" src=\"https:\/\/www.visionweb.com.ar\/wp-content\/uploads\/2023\/10\/incendios-el-doce-de-cordoba-300x133.png\" alt=\"\" width=\"300\" height=\"133\" srcset=\"https:\/\/www.visionweb.com.ar\/wp-content\/uploads\/2023\/10\/incendios-el-doce-de-cordoba-300x133.png 300w, https:\/\/www.visionweb.com.ar\/wp-content\/uploads\/2023\/10\/incendios-el-doce-de-cordoba.png 516w\" sizes=\"auto, (max-width: 300px) 100vw, 300px\" \/><p id=\"caption-attachment-12139\" class=\"wp-caption-text\">Fuertes incendios: Imagen del martes, el Doce de C\u00f3rdoba<\/p><\/div>\n<p><strong>\u00a0\u00a0 P<\/strong>or fin la provincia de C\u00f3rdoba tuvo una noche m\u00e1s tranquila gracias a las<strong>\u00a0lluvias que se registraron durante la madrugada\u00a0<\/strong>y facilitaron el arduo trabajo de los bomberos, que hasta ayer lucharon contra incesantes columnas de fuego, rescate de personas, mascotas y cuantiosas p\u00e9rdidas materiales en el Valle de Punilla.<\/p>\n<p>A\u00fan no hay detalle de la cantidad de viviendas que fueron afectadas, y los da\u00f1os que caus\u00f3 el incendio en cada una de ellas, principalmente en el barrio Las 400 Viviendas de Villa Carlos Paz, sector en donde adem\u00e1s se debieron realizar\u00a0<strong>numerosas evacuaciones y autoevacuaciones<\/strong>\u00a0ante la intensidad del fuego y el humo que podr\u00eda afectar v\u00edas respiratorias.<\/p>\n<p>El<strong>\u00a0<\/strong>descenso de 15 grados de temperatuta\u00a0colabor\u00f3 para contener los focos de incendio, y durante el amanecer los costados del camino y varios per\u00edmetros de las viviendas afectadas se ve\u00edan color negro por el paso del fuego. \u201cHay algunos<strong>\u00a0per\u00edmetros inestables<\/strong>\u00a0en algunos sectores como Cabalango y <strong>contin\u00faa un foco activo en La Tomita<\/strong>, departamento de Tulumba, donde hubo 10 familias evacuadas y al menos dos casas afectadas\u201d, informaron desde el canal El Doce de C\u00f3rdoba.<\/p>\n<p><strong>Los pormenores: <\/strong>El gobernador de la provincia, Juan Schiaretti se present\u00f3 ayer al lugar, y en ese momento estaba todo controlado con s\u00f3lo dos focos. Schiaretti recib\u00eda el estado de situaci\u00f3n de parte de Esteban Avil\u00e9s, intendente de Carlos Paz, pero luego en cuesti\u00f3n de minutos, mut\u00f3 la direcci\u00f3n e intensidad del viento y los focos que estaban controlados, se descontrolaran y bajaron hasta las casas\u00bb, informaron.<\/p>\n<p>Avil\u00e9s explic\u00f3 que el martes fue una jornada muy complicada para toda la ciudad por el cambio de rotaci\u00f3n de los vientos. \u00abTen\u00edamos m\u00e1s de 400 efectivos en un radio de cuatro kil\u00f3metros. Fue todo muy complejo, con visibilidad cero. Destaco la labor de los bomberos y todos los que participaron en el combate del fuego.\u00a0Nuestra fuerza est\u00e1 muy preparada y hay que destacarlo\u00bb, expres\u00f3.<\/p>\n<p>De acuerdo a los datos del Ministerio de Seguridad local, el principal incendio forestal se ubic\u00f3 en el\u00a0<strong>Valle de Punilla<\/strong>\u00a0y abarc\u00f3 las localidades de <strong>Cabalango, Cuesta Blanca, Icho Cruz, May\u00fa Sumaj, Playa de Oro, San Antonio de Arredondo, Tala Huasi, Villa Carlos Paz<\/strong>.<\/p>\n<p><strong>C\u00f3mo se gener\u00f3 el fuego:<\/strong> El foco \u00edgneo se habr\u00eda generado en Tanti, luego de que\u00a0un joven hiciera una fogata para calentar agua para un caf\u00e9.<\/p>\n<p>El acusado de iniciar el fuego en Cabalango y, fue identificado como<strong>\u00a0<\/strong>Ulises Pedro Xarate, de 27 a\u00f1os, est\u00e1 aprehendido e imputado como autor del delito \u00bbincendio doloso\u00bb. Dijo a las autoridades que quiso\u00a0<strong>\u201chacer un caf\u00e9\u201d encendi\u00f3 una fogata, y las llamas se propagaron por el viento<\/strong>.<\/p>\n<p>Tras los incendios registrados en los \u00faltimos a\u00f1os y con el antecedente reciente,\u00a0<strong>varios diputados y pol\u00edticos de las provincias del interior piden que se sancione con dureza y se aumente las condenas de las leyes de Manejo del Fuego y de Quema.<\/strong><\/p>\n<p>Aunque en este caso, el joven prendi\u00f3 fuego para hacerse un caf\u00e9 y no con un objetivo de negocios inmobiliarios como fue en otras ocasiones.<\/p>\n<p>Las fuentes tambi\u00e9n informaron que el lugar donde el joven inici\u00f3 el fuego estaba se\u00f1alizado con el cartel de prohibido hacer fuego. <strong>(VW)<\/strong><\/p>\n","protected":false},"excerpt":{"rendered":"<p>Llovi\u00f3 partir de las 4 de hoy, y baj\u00f3 la temperatura unos 15 grados. Y as\u00ed el clima benefici\u00f3 el intenso trabajo de los brigadistas en el Valle de Punilla.<\/p>\n","protected":false},"author":4,"featured_media":12139,"comment_status":"closed","ping_status":"closed","sticky":false,"template":"","format":"standard","meta":{"_monsterinsights_skip_tracking":false,"_monsterinsights_sitenote_active":false,"_monsterinsights_sitenote_note":"","_monsterinsights_sitenote_category":0,"footnotes":""},"categories":[8],"tags":[5060,689,5062,5022,5061],"class_list":["post-12138","post","type-post","status-publish","format-standard","has-post-thumbnail","hentry","category-interes-general","tag-incendios-en-cordoba","tag-lluvias","tag-rescates","tag-schiaretti","tag-valle-de-punilla"],"_links":{"self":[{"href":"https:\/\/www.visionweb.com.ar\/index.php?rest_route=\/wp\/v2\/posts\/12138","targetHints":{"allow":["GET"]}}],"collection":[{"href":"https:\/\/www.visionweb.com.ar\/index.php?rest_route=\/wp\/v2\/posts"}],"about":[{"href":"https:\/\/www.visionweb.com.ar\/index.php?rest_route=\/wp\/v2\/types\/post"}],"author":[{"embeddable":true,"href":"https:\/\/www.visionweb.com.ar\/index.php?rest_route=\/wp\/v2\/users\/4"}],"replies":[{"embeddable":true,"href":"https:\/\/www.visionweb.com.ar\/index.php?rest_route=%2Fwp%2Fv2%2Fcomments&post=12138"}],"version-history":[{"count":1,"href":"https:\/\/www.visionweb.com.ar\/index.php?rest_route=\/wp\/v2\/posts\/12138\/revisions"}],"predecessor-version":[{"id":12140,"href":"https:\/\/www.visionweb.com.ar\/index.php?rest_route=\/wp\/v2\/posts\/12138\/revisions\/12140"}],"wp:featuredmedia":[{"embeddable":true,"href":"https:\/\/www.visionweb.com.ar\/index.php?rest_route=\/wp\/v2\/media\/12139"}],"wp:attachment":[{"href":"https:\/\/www.visionweb.com.ar\/index.php?rest_route=%2Fwp%2Fv2%2Fmedia&parent=12138"}],"wp:term":[{"taxonomy":"category","embeddable":true,"href":"https:\/\/www.visionweb.com.ar\/index.php?rest_route=%2Fwp%2Fv2%2Fcategories&post=12138"},{"taxonomy":"post_tag","embeddable":true,"href":"https:\/\/www.visionweb.com.ar\/index.php?rest_route=%2Fwp%2Fv2%2Ftags&post=12138"}],"curies":[{"name":"wp","href":"https:\/\/api.w.org\/{rel}","templated":true}]}}