{"id":12135,"date":"2023-10-11T12:26:14","date_gmt":"2023-10-11T15:26:14","guid":{"rendered":"https:\/\/www.visionweb.com.ar\/?p=12135"},"modified":"2023-10-11T12:26:14","modified_gmt":"2023-10-11T15:26:14","slug":"este-fin-de-semana-habra-un-eclipse-solar-anular","status":"publish","type":"post","link":"https:\/\/www.visionweb.com.ar\/?p=12135","title":{"rendered":"Este fin de semana habr\u00e1 un eclipse solar anular"},"content":{"rendered":"<p><em><strong>Se trata de un fen\u00f3meno astron\u00f3mico muy esperado por especialistas y aficionados, llamado eclipse solar anular o \u00abanillo de fuego\u00bb, que oscurecer\u00e1 brevemente los cielos. Cuidados y prevenciones para proteger la visi\u00f3n.\u00a0<\/strong><\/em><!--more--><\/p>\n<div id=\"attachment_12136\" style=\"width: 310px\" class=\"wp-caption alignright\"><img loading=\"lazy\" decoding=\"async\" aria-describedby=\"caption-attachment-12136\" class=\"wp-image-12136 size-medium\" src=\"https:\/\/www.visionweb.com.ar\/wp-content\/uploads\/2023\/10\/Eclipse-anular-de-sol-300x167.png\" alt=\"\" width=\"300\" height=\"167\" srcset=\"https:\/\/www.visionweb.com.ar\/wp-content\/uploads\/2023\/10\/Eclipse-anular-de-sol-300x167.png 300w, https:\/\/www.visionweb.com.ar\/wp-content\/uploads\/2023\/10\/Eclipse-anular-de-sol.png 357w\" sizes=\"auto, (max-width: 300px) 100vw, 300px\" \/><p id=\"caption-attachment-12136\" class=\"wp-caption-text\">Es importante evitar mirar al eclipse de manera directa ya que puede da\u00f1ar la vista. Foto de internet<\/p><\/div>\n<p><strong>\u00a0\u00a0 L<\/strong>a<strong>\u00a0Administraci\u00f3n Nacional de Aeron\u00e1utica y el Espacio<\/strong>\u00a0(<strong>NASA<\/strong>) anunci\u00f3 que en los pr\u00f3ximos d\u00edas se podr\u00e1 ver un\u00a0<strong>eclipse anular<\/strong>, y seg\u00fan detall\u00f3 en un comunicado el martes 10 de octubre,<strong>\u00a0recorrer\u00e1 Norte, Centro y Sudam\u00e9rica y ser\u00e1 visible el s\u00e1bado 14 de octubre en \u00abpartes de Estados Unidos, M\u00e9xico y muchos pa\u00edses de Sudam\u00e9rica y Centroam\u00e9rica\u00bb<\/strong>.<\/p>\n<p>Decenas de millones de personas en las Am\u00e9ricas tendr\u00e1n asientos en primera fila para ver el raro eclipse de sol en forma de \u00abanillo de fuego\u00bb del s\u00e1bado.<\/p>\n<p>Este fen\u00f3meno oscurecer\u00e1 brevemente los cielos a medida que la Luna se alinee precisamente entre la Tierra y el Sol, y ocultar\u00e1 todo excepto el borde exterior del Sol. Un anillo brillante y resplandeciente aparecer\u00e1 alrededor de la Luna por hasta cinco minutos.<\/p>\n<p>As\u00ed el <strong>eclipse anular ser\u00e1 visible este s\u00e1bado 14 <\/strong>y comenzar\u00e1 en Oreg\u00f3n, Estados Unidos a las 9:13hs del Pac\u00edfico y terminar\u00e1 en Texas a las 12:03hs del centro. Luego, la trayectoria del eclipse solar anular visitar\u00e1 M\u00e9xico y Centroam\u00e9rica, pasando sobre Guatemala, Belice, Honduras, Nicaragua y Panam\u00e1.<\/p>\n<p>De acuerdo a la agencia del gobierno estadounidense, el fen\u00f3meno recorrer\u00e1 Sud\u00e1merica en Colombia y pasar\u00e1 sobre el norte de Brasil antes de terminar al atardecer en el oc\u00e9ano Atl\u00e1ntico.<\/p>\n<p>\u201cEl eclipse se podr\u00e1 ver en la mayor parte de Latinoam\u00e9rica y en el casi de los pa\u00edses de Argentina, Uruguay, Chile y Paraguay ser\u00e1 de una visibilidad reducida\u201d, seg\u00fan se\u00f1al\u00f3\u00a0<em>National Geographic<\/em>.<\/p>\n<p>Seg\u00fan trascendi\u00f3, el fen\u00f3meno podr\u00e1 verse desde nuestro pa\u00eds a partir de las 16:02 hs del s\u00e1bado y alcanzar\u00e1 su punto culminante a las 16:43hs.<\/p>\n<p>En esta oportunidad lo que se podr\u00e1 ver el s\u00e1bado ser\u00e1 un eclipse solar anular, que -seg\u00fan explica la NASA- se produce cuando la Luna pasa entre el Sol y la Tierra, \u00aben el momento en el que el sat\u00e9lite se encuentra en su punto m\u00e1s alejado del planeta\u00bb.<\/p>\n<p>Es as\u00ed que lo que se podr\u00e1 ver, seg\u00fan los expertos, es una parte del Sol cubierta por un \u00abc\u00edrculo negro\u00bb, que en realidad es la Luna.<\/p>\n<p><strong>Recomendaciones para verlo:<\/strong><\/p>\n<p>Uno de los puntos m\u00e1s importantes es\u00a0<strong>evitar mirar al eclipse de manera directa, ya que esto puede da\u00f1ar la retina de forma permanente, o hasta causar la p\u00e9rdida total de la visi\u00f3n<\/strong>.<\/p>\n<p>Entre las cosas que se tienen m\u00e1s a mano para observar el fen\u00f3meno es <strong>utilizar gafas de sol de buena calidad o filtros para soldar de n\u00famero 14<\/strong>.<\/p>\n<p>En caso de contar con ellos, los <strong>binoculares y telescopios deben ser protegidos por estos filtros<\/strong>. Tambi\u00e9n existen lentes especiales para eclipses.<\/p>\n<p>A la hora de contar con alguno o varios de estos elementos, de todos modos, lo recomendable es\u00a0<strong>no mirar el eclipse de manera directa por m\u00e1s de 30 segundos<\/strong>.<\/p>\n<p>La advertencia m\u00e1s importante es <strong>no utilizar c\u00e1maras fotogr\u00e1ficas, binoculares, filtros polarizados ni ning\u00fan elemento que tenga vidrios ahumados<\/strong> o que su funci\u00f3n no sea esta. Es por ello que <strong>no es recomendable utilizar filtros hechos en casa<\/strong>. <strong>(VW)<\/strong><\/p>\n","protected":false},"excerpt":{"rendered":"<p>Se trata de un fen\u00f3meno astron\u00f3mico muy esperado por especialistas y aficionados, llamado eclipse solar anular o \u00abanillo de fuego\u00bb, que oscurecer\u00e1 brevemente los cielos. Cuidados y prevenciones para proteger la visi\u00f3n.\u00a0<\/p>\n","protected":false},"author":4,"featured_media":12136,"comment_status":"closed","ping_status":"closed","sticky":false,"template":"","format":"standard","meta":{"_monsterinsights_skip_tracking":false,"_monsterinsights_sitenote_active":false,"_monsterinsights_sitenote_note":"","_monsterinsights_sitenote_category":0,"footnotes":""},"categories":[8],"tags":[5059,5058,4026],"class_list":["post-12135","post","type-post","status-publish","format-standard","has-post-thumbnail","hentry","category-interes-general","tag-anillo-de-fuego","tag-eclipse-solar-anular","tag-recomendaciones-y-cuidados"],"_links":{"self":[{"href":"https:\/\/www.visionweb.com.ar\/index.php?rest_route=\/wp\/v2\/posts\/12135","targetHints":{"allow":["GET"]}}],"collection":[{"href":"https:\/\/www.visionweb.com.ar\/index.php?rest_route=\/wp\/v2\/posts"}],"about":[{"href":"https:\/\/www.visionweb.com.ar\/index.php?rest_route=\/wp\/v2\/types\/post"}],"author":[{"embeddable":true,"href":"https:\/\/www.visionweb.com.ar\/index.php?rest_route=\/wp\/v2\/users\/4"}],"replies":[{"embeddable":true,"href":"https:\/\/www.visionweb.com.ar\/index.php?rest_route=%2Fwp%2Fv2%2Fcomments&post=12135"}],"version-history":[{"count":1,"href":"https:\/\/www.visionweb.com.ar\/index.php?rest_route=\/wp\/v2\/posts\/12135\/revisions"}],"predecessor-version":[{"id":12137,"href":"https:\/\/www.visionweb.com.ar\/index.php?rest_route=\/wp\/v2\/posts\/12135\/revisions\/12137"}],"wp:featuredmedia":[{"embeddable":true,"href":"https:\/\/www.visionweb.com.ar\/index.php?rest_route=\/wp\/v2\/media\/12136"}],"wp:attachment":[{"href":"https:\/\/www.visionweb.com.ar\/index.php?rest_route=%2Fwp%2Fv2%2Fmedia&parent=12135"}],"wp:term":[{"taxonomy":"category","embeddable":true,"href":"https:\/\/www.visionweb.com.ar\/index.php?rest_route=%2Fwp%2Fv2%2Fcategories&post=12135"},{"taxonomy":"post_tag","embeddable":true,"href":"https:\/\/www.visionweb.com.ar\/index.php?rest_route=%2Fwp%2Fv2%2Ftags&post=12135"}],"curies":[{"name":"wp","href":"https:\/\/api.w.org\/{rel}","templated":true}]}}