{"id":12132,"date":"2023-10-11T11:16:45","date_gmt":"2023-10-11T14:16:45","guid":{"rendered":"https:\/\/www.visionweb.com.ar\/?p=12132"},"modified":"2023-10-11T11:16:45","modified_gmt":"2023-10-11T14:16:45","slug":"se-pone-en-marcha-el-polo-judicial-de-almirante-brown","status":"publish","type":"post","link":"https:\/\/www.visionweb.com.ar\/?p=12132","title":{"rendered":"Se pone en marcha el Polo Judicial de Almirante Brown"},"content":{"rendered":"<p><em><strong>En Burzaco habilitan una alcaidia con capacidad para 312 plazas.\u00a0 Adem\u00e1s, cuenta con aulas y talleres para la formaci\u00f3n educativa y laboral.<\/strong><\/em><!--more--><\/p>\n<p><img loading=\"lazy\" decoding=\"async\" class=\"size-medium wp-image-12133 alignright\" src=\"https:\/\/www.visionweb.com.ar\/wp-content\/uploads\/2023\/10\/ALMIRANTE-BROWN-Poder-Judicial-300x138.png\" alt=\"\" width=\"300\" height=\"138\" srcset=\"https:\/\/www.visionweb.com.ar\/wp-content\/uploads\/2023\/10\/ALMIRANTE-BROWN-Poder-Judicial-300x138.png 300w, https:\/\/www.visionweb.com.ar\/wp-content\/uploads\/2023\/10\/ALMIRANTE-BROWN-Poder-Judicial.png 640w\" sizes=\"auto, (max-width: 300px) 100vw, 300px\" \/>Luego de lograse una articulaci\u00f3n con el Poder Judicial de la Provincia de Buenos Aires, se eponen en funcionamiento el nuevo Polo Judicial de Alte Brown en Rafael Calzada, que permitir\u00e1 descentralizar los tr\u00e1mites judiciales y acercar la administraci\u00f3n de Justicia a los vecinos.<\/p>\n<p style=\"font-weight: 400;\">Se trata de un nuevo establecimiento ubicado en la avenida San Mart\u00edn y la calle Altamira, cuya primera etapa se est\u00e1 poniendo en marcha de modo progresivo y que depender\u00e1 administrativamente del Departamento Judicial de Lomas de Zamora, se se\u00f1al\u00f3 desde el Municipio.<\/p>\n<p style=\"font-weight: 400;\">En el lugar funcionar\u00e1n cuatro Unidades Funcionales de Instrucci\u00f3n (UFI) y dos Unidades Funcionales de Defensa, es decir cuatro Fiscal\u00edas y dos Defensor\u00edas, adem\u00e1s de un Juzgado de Garant\u00edas. Tambi\u00e9n contar\u00e1 con un Centro de Recepci\u00f3n de Denuncias.<\/p>\n<p style=\"font-weight: 400;\">Este avance es trascendental porque permite descentralizar la Justicia y acercarla a los vecinos y vecinas de Almirante Brown, generando mayor eficacia y celeridad en los procesos judiciales.<\/p>\n<p style=\"font-weight: 400;\">\u201cLo planificamos y lo estamos concretando. Gracias a la gesti\u00f3n del Municipio de Almirante Brown y al trabajo articulado con el Poder Judicial bonaerense, gradualmente comenzar\u00e1 a funcionar este nuevo Polo Judicial que descentralizada la Justicia y la acerca a nuestros vecinos\u201d, explic\u00f3 Mariano Cascallares.<\/p>\n<p style=\"font-weight: 400;\">En esa l\u00ednea, complet\u00f3: \u201cSe trata de una primera etapa en este proceso de descentralizaci\u00f3n de la Justicia, en el que pr\u00f3ximamente se ir\u00e1n sumando nuevos espacios administrativos\u201d.<\/p>\n<p style=\"font-weight: 400;\">Cabe mencionar tambi\u00e9n que en el lugar s\u00f3lo funcionar\u00e1n oficinas administrativas judiciales y no ser\u00e1 un espacio donde se alojen personas detenidas. Para tales fines, el Gobierno de la Provincia de Buenos Aires ya puso en funcionamiento una nueva alcaid\u00eda en la localidad de Burzaco -detr\u00e1s del Parque Industrial- para el alojamiento transitorio de personas involucradas en procesos penales.<\/p>\n<p style=\"font-weight: 400;\"><b><strong>Nueva alcaid\u00eda en Burzaco<\/strong><\/b><\/p>\n<p style=\"font-weight: 400;\">Se trata de un moderno espacio de 5.600 metros cuadrados y que suma 312 plazas distribuidas en tres m\u00f3dulos de cuatro pabellones cada uno. Adem\u00e1s, cuenta con aulas y talleres para la formaci\u00f3n educativa y laboral; un sal\u00f3n de usos m\u00faltiples y espacios para la vinculaci\u00f3n familiar, con el objeto de continuar disminuyendo la tasa de reincidencia.<\/p>\n<p style=\"font-weight: 400;\">Esta nueva alcaid\u00eda tiene como principal objetivo terminar \u00a0con las c\u00e1rceles instaladas dentro de las comisar\u00edas, brindando mejores condiciones para la detenci\u00f3n transitoria y un contacto m\u00e1s sencillo para las familias<strong>(VW)<\/strong>.<\/p>\n","protected":false},"excerpt":{"rendered":"<p>En Burzaco habilitan una alcaidia con capacidad para 312 plazas.\u00a0 Adem\u00e1s, cuenta con aulas y talleres para la formaci\u00f3n educativa y laboral.<\/p>\n","protected":false},"author":3,"featured_media":12133,"comment_status":"closed","ping_status":"closed","sticky":false,"template":"","format":"standard","meta":{"_monsterinsights_skip_tracking":false,"_monsterinsights_sitenote_active":false,"_monsterinsights_sitenote_note":"","_monsterinsights_sitenote_category":0,"footnotes":""},"categories":[5],"tags":[],"class_list":["post-12132","post","type-post","status-publish","format-standard","has-post-thumbnail","hentry","category-sociedad"],"_links":{"self":[{"href":"https:\/\/www.visionweb.com.ar\/index.php?rest_route=\/wp\/v2\/posts\/12132","targetHints":{"allow":["GET"]}}],"collection":[{"href":"https:\/\/www.visionweb.com.ar\/index.php?rest_route=\/wp\/v2\/posts"}],"about":[{"href":"https:\/\/www.visionweb.com.ar\/index.php?rest_route=\/wp\/v2\/types\/post"}],"author":[{"embeddable":true,"href":"https:\/\/www.visionweb.com.ar\/index.php?rest_route=\/wp\/v2\/users\/3"}],"replies":[{"embeddable":true,"href":"https:\/\/www.visionweb.com.ar\/index.php?rest_route=%2Fwp%2Fv2%2Fcomments&post=12132"}],"version-history":[{"count":1,"href":"https:\/\/www.visionweb.com.ar\/index.php?rest_route=\/wp\/v2\/posts\/12132\/revisions"}],"predecessor-version":[{"id":12134,"href":"https:\/\/www.visionweb.com.ar\/index.php?rest_route=\/wp\/v2\/posts\/12132\/revisions\/12134"}],"wp:featuredmedia":[{"embeddable":true,"href":"https:\/\/www.visionweb.com.ar\/index.php?rest_route=\/wp\/v2\/media\/12133"}],"wp:attachment":[{"href":"https:\/\/www.visionweb.com.ar\/index.php?rest_route=%2Fwp%2Fv2%2Fmedia&parent=12132"}],"wp:term":[{"taxonomy":"category","embeddable":true,"href":"https:\/\/www.visionweb.com.ar\/index.php?rest_route=%2Fwp%2Fv2%2Fcategories&post=12132"},{"taxonomy":"post_tag","embeddable":true,"href":"https:\/\/www.visionweb.com.ar\/index.php?rest_route=%2Fwp%2Fv2%2Ftags&post=12132"}],"curies":[{"name":"wp","href":"https:\/\/api.w.org\/{rel}","templated":true}]}}