{"id":12125,"date":"2023-10-11T10:17:21","date_gmt":"2023-10-11T13:17:21","guid":{"rendered":"https:\/\/www.visionweb.com.ar\/?p=12125"},"modified":"2023-10-11T10:23:05","modified_gmt":"2023-10-11T13:23:05","slug":"diputados-aprobo-la-ley-de-alquileres-con-los-cambios-introducidos-por-el-senado","status":"publish","type":"post","link":"https:\/\/www.visionweb.com.ar\/?p=12125","title":{"rendered":"Diputados aprob\u00f3 la ley de alquileres con los cambios introducidos por el Senado"},"content":{"rendered":"<p class=\"td-post-sub-title\"><em><strong>El alquiler deber\u00e1 pactarse en pesos, no en otra moneda. El proyecto, que modifica aspectos claves de normativa, obtuvo 128 votos afirmativos y 114 negativos.<\/strong><\/em><!--more--><\/p>\n<p><img loading=\"lazy\" decoding=\"async\" class=\"size-medium wp-image-1465 alignright\" src=\"https:\/\/www.visionweb.com.ar\/wp-content\/uploads\/2021\/04\/VIVIENDAS-ANUNCIOS-300x285.png\" alt=\"\" width=\"300\" height=\"285\" srcset=\"https:\/\/www.visionweb.com.ar\/wp-content\/uploads\/2021\/04\/VIVIENDAS-ANUNCIOS-300x285.png 300w, https:\/\/www.visionweb.com.ar\/wp-content\/uploads\/2021\/04\/VIVIENDAS-ANUNCIOS.png 501w\" sizes=\"auto, (max-width: 300px) 100vw, 300px\" \/>La<strong> C\u00e1mara de Diputados<\/strong> convirti\u00f3 en<strong> ley la reforma de Alquileres con los cambios que fueron incluidos por el Senado<\/strong> y que mantiene los contratos de locaci\u00f3n en tres a\u00f1os mientras baja a 6 meses, como m\u00ednimo, las actualizaciones.<\/p>\n<p>La propuesta fue sancionada pasada las 5 de la madrugada de este mi\u00e9rcoles por 128 votos a favor y 114 en contra en una sesi\u00f3n marat\u00f3nica que comenz\u00f3 el martes al mediod\u00eda.<\/p>\n<p>El texto aprobado mantiene en 3 a\u00f1os el plazo de los contratos (el tiempo actualmente vigente); los ajustes se podr\u00e1n realizar con la periodicidad que acuerden las partes y por intervalos no inferiores a 6 meses, anticip\u00f3 la publicaci\u00f3n Parlamentario.<\/p>\n<p>Uni\u00f3n por la Patria dio vuelta lo votado en agosto pasado\u00a0y logr\u00f3 ratificar lo aprobado en el Senado con el apoyo de dos diputados del Interbloque Federal, uno de Juntos por Rio Negro y los cuatro representantes del Frente de Izquierda, mientras que Javier Milei, Juntos por el Cambio y algunos legisladores provinciales rechazaron la propuesta.<\/p>\n<h3 style=\"text-align: center;\"><span style=\"color: #0000ff;\"><em><strong>Entre los beneficios los propietarios de inmuebles afectados al alquiler no pagar\u00e1n bienes personales.<\/strong><\/em><\/span><\/h3>\n<p>Con la sanci\u00f3n de este proyecto los contratos se mantienen en tres a\u00f1os los cuales deber\u00e1n ser estipulados \u201cen valor \u00fanico en moneda nacional y por per\u00edodos mensuales sobre el cual podr\u00e1n realizarse ajustes con periodicidad a intervalos no inferiores a seis meses\u201d.<\/p>\n<p>Tambi\u00e9n, el Senado modific\u00f3 el mecanismo de actualizaci\u00f3n del precio de los alquileres y estableci\u00f3 que \u201clos ajustes deber\u00e1n efectuarse utilizando un coeficiente conformado por la menor variaci\u00f3n que surja de comparar el promedio del 0,9 de la variaci\u00f3n del coeficiente de variaci\u00f3n salarial publicado por el Indec y la variaci\u00f3n del Coeficiente de Estabilizaci\u00f3n de Referencia (CER), publicado por el BCRA\u201d.<\/p>\n<p>El texto aprobado por el Senado, adem\u00e1s, incorpor\u00f3 un \u00faltimo p\u00e1rrafo sobre el art\u00edculo 9, en el que determin\u00f3 que \u201clos ingresos provenientes de locaci\u00f3n de hasta dos inmuebles estar\u00e1n exentos del pago del monotributo\u201d.<\/p>\n<p>Tambi\u00e9n fija que cualquier \u201cpublicidad, en cualquier medio o plataforma, que incluya precio de locaciones de inmuebles con destino habitacional debe realizarse en moneda nacional\u201d y elimina la posibilidad de los pagos a inquilinos por adelantado.<\/p>\n<p>En cuanto a los beneficios impositivos los propietarios no pagar\u00e1n bienes personales sobre los inmuebles que se pongan en alquiler. Tampoco pagar\u00e1n el impuesto al cheque en las cuentas bancarias destinadas a cobrar esos contratos que se encuentren \u201cdebidamente registrados\u201d ante la AFIP.<\/p>\n<p>Adem\u00e1s las \u201cpartes podr\u00e1n deducir del impuesto a las Ganancias la suma equivalente al 10% del monto anual del contrato de locaci\u00f3n\u201d<strong>(VW)<\/strong>.<\/p>\n<div class=\"td-module-meta-info\"><\/div>\n","protected":false},"excerpt":{"rendered":"<p>El alquiler deber\u00e1 pactarse en pesos, no en otra moneda. El proyecto, que modifica aspectos claves de normativa, obtuvo 128 votos afirmativos y 114 negativos.<\/p>\n","protected":false},"author":3,"featured_media":1465,"comment_status":"closed","ping_status":"closed","sticky":false,"template":"","format":"standard","meta":{"_monsterinsights_skip_tracking":false,"_monsterinsights_sitenote_active":false,"_monsterinsights_sitenote_note":"","_monsterinsights_sitenote_category":0,"footnotes":""},"categories":[3],"tags":[62,3720,5055,5054],"class_list":["post-12125","post","type-post","status-publish","format-standard","has-post-thumbnail","hentry","category-actualidad","tag-ajustes","tag-alquileres","tag-indice-combinado","tag-semestrales"],"_links":{"self":[{"href":"https:\/\/www.visionweb.com.ar\/index.php?rest_route=\/wp\/v2\/posts\/12125","targetHints":{"allow":["GET"]}}],"collection":[{"href":"https:\/\/www.visionweb.com.ar\/index.php?rest_route=\/wp\/v2\/posts"}],"about":[{"href":"https:\/\/www.visionweb.com.ar\/index.php?rest_route=\/wp\/v2\/types\/post"}],"author":[{"embeddable":true,"href":"https:\/\/www.visionweb.com.ar\/index.php?rest_route=\/wp\/v2\/users\/3"}],"replies":[{"embeddable":true,"href":"https:\/\/www.visionweb.com.ar\/index.php?rest_route=%2Fwp%2Fv2%2Fcomments&post=12125"}],"version-history":[{"count":3,"href":"https:\/\/www.visionweb.com.ar\/index.php?rest_route=\/wp\/v2\/posts\/12125\/revisions"}],"predecessor-version":[{"id":12128,"href":"https:\/\/www.visionweb.com.ar\/index.php?rest_route=\/wp\/v2\/posts\/12125\/revisions\/12128"}],"wp:featuredmedia":[{"embeddable":true,"href":"https:\/\/www.visionweb.com.ar\/index.php?rest_route=\/wp\/v2\/media\/1465"}],"wp:attachment":[{"href":"https:\/\/www.visionweb.com.ar\/index.php?rest_route=%2Fwp%2Fv2%2Fmedia&parent=12125"}],"wp:term":[{"taxonomy":"category","embeddable":true,"href":"https:\/\/www.visionweb.com.ar\/index.php?rest_route=%2Fwp%2Fv2%2Fcategories&post=12125"},{"taxonomy":"post_tag","embeddable":true,"href":"https:\/\/www.visionweb.com.ar\/index.php?rest_route=%2Fwp%2Fv2%2Ftags&post=12125"}],"curies":[{"name":"wp","href":"https:\/\/api.w.org\/{rel}","templated":true}]}}