{"id":12122,"date":"2023-10-10T12:07:00","date_gmt":"2023-10-10T15:07:00","guid":{"rendered":"https:\/\/www.visionweb.com.ar\/?p=12122"},"modified":"2023-10-10T12:07:00","modified_gmt":"2023-10-10T15:07:00","slug":"periodistas-de-auno-fueron-premiados-en-festival-de-investigacion-de-la-unlz","status":"publish","type":"post","link":"https:\/\/www.visionweb.com.ar\/?p=12122","title":{"rendered":"Periodistas de AUNO fueron premiados en festival de investigaci\u00f3n de la UNLZ"},"content":{"rendered":"<p><em><strong>Becarios y estudiantes de la Universidad Nacional de Lomas de Zamora (UNLZ) presentaron p\u00f3sters cient\u00edficos durante una sesi\u00f3n en la que los asistentes pudieron votar la mejor producci\u00f3n de cada unidad acad\u00e9mica.<\/strong><\/em><!--more--><\/p>\n<p><img loading=\"lazy\" decoding=\"async\" class=\"size-medium wp-image-12123 alignright\" src=\"https:\/\/www.visionweb.com.ar\/wp-content\/uploads\/2023\/10\/auno-jornada-300x192.png\" alt=\"\" width=\"300\" height=\"192\" srcset=\"https:\/\/www.visionweb.com.ar\/wp-content\/uploads\/2023\/10\/auno-jornada-300x192.png 300w, https:\/\/www.visionweb.com.ar\/wp-content\/uploads\/2023\/10\/auno-jornada.png 640w\" sizes=\"auto, (max-width: 300px) 100vw, 300px\" \/>Estudiantes de la Agencia Universitaria de Noticias (AUNO) recibieron el premio al p\u00f3ster cient\u00edfico m\u00e1s votado en el II Encuentro de J\u00f3venes Investigadores de la Universidad de Lomas de Zamora (UNLZ) por su estudio sobre la difusi\u00f3n de noticias en Instagram.<\/p>\n<p>En la investigaci\u00f3n, los becarios y becarias Chloe Maisonnat, Camila Mazzei, Francisco Moreno y Manuel Flores, estudiantes de Periodismo y Comunicaci\u00f3n y redactores de la agencia AUNO, relevaron m\u00e1s de cinco mil publicaciones de Instagram de tres medios de comunicaci\u00f3n, y realizaron entrevistas en profundidad a los encargados de las \u00e1reas de redes sociales para construir un primer mapa del periodismo en la plataforma.<\/p>\n<p>La Universidad Nacional de Lomas de Zamora celebr\u00f3 la semana pasada en la Biblioteca Central la segunda edici\u00f3n del\u00a0<em>Festival JOIN 2023: J\u00f3venes en Investigaci\u00f3n<\/em>, donde estudiantes, becarios y becarias, docentes, investigadores e investigadoras y funcionarios y funcionarias de las cinco facultades de la Universidad se reunieron para dialogar sobre su rol en materia de ciencia y tecnolog\u00eda.<\/p>\n<p>En el marco de la Semana Nacional de la Ciencia, tambi\u00e9n se realiz\u00f3 la charla \u201cUniversidad, Ciencia y Tecnolog\u00eda en 40 a\u00f1os de democracia\u201d encabezada por la subsecretaria de Pol\u00edticas en Ciencia, Tecnolog\u00eda e Innovaci\u00f3n, Mar\u00eda Cecilia Sleiman; el integrante de la Red de Pensamiento Latinoamericano en Ciencia, Tecnolog\u00eda y Sociedad, Juli\u00e1n Bilmes; el decano de la Facultad de Ingenier\u00eda de la UNLZ, Diego Serra; y el secretario de Vinculaci\u00f3n Tecnol\u00f3gica de la Facultad de Ciencias Agrarias de la UNLZ, C\u00e9sar L\u00f3pez.<\/p>\n<p>En el panel, los investigadores\u00a0<strong>resaltaron la importancia de las ciencias para el crecimiento de una naci\u00f3n<\/strong>\u00a0y recordaron algunos de los hitos cient\u00edficos de nuestro pa\u00eds, tales como los tres Premios Nobel recibidos en las categor\u00edas de Medicina, Fisiolog\u00eda y Qu\u00edmica y avances y descubrimientos que nos posicionan en la comunidad cient\u00edfica mundial.<\/p>\n<p>El soci\u00f3logo y becario del CONICET, Juli\u00e1n Bilmes, comparti\u00f3 los resultados de un an\u00e1lisis realizado por la revista\u00a0<em>Ciencia, Pol\u00edtica y Sociedad\u00a0<\/em>sobre la ciencia y tecnolog\u00eda que tenemos y la que necesitamos en un contexto de capitalismo global neoliberal. En este sentido, denunci\u00f3 que\u00a0<strong>\u201cabundan los discursos que dicen que hay que desfinanciar\u201d<\/strong>\u00a0y comparti\u00f3 los detalles sobre el destino de las inversiones en investigaci\u00f3n b\u00e1sica, aplicada y experimental.<\/p>\n<p>En su diagn\u00f3stico sobre ciencia y tecnolog\u00eda en Latinoam\u00e9rica, reconoci\u00f3 que <strong>hay una falta de integraci\u00f3n con las necesidades espec\u00edficas del territorio, con razones que van desde factores geopol\u00edticos como la dependencia material y simb\u00f3lico-cultural con respecto a las potencias,<\/strong> hasta la complejidad de los mecanismos y sistemas internos de cada pa\u00eds.<\/p>\n<p>Para sortear estas dificultades, Bilmes<strong>\u00a0resalt\u00f3 la importancia de construir un proyecto autocentrado que permita pensar situados en nuestros contextos nacionales y regionales<\/strong> y desarrollar nuestras propias tendencias y definir nuestra propia agenda.<\/p>\n<p>Mar\u00eda Cecilia Sleiman, por su parte, repas\u00f3 los puntos m\u00e1s importantes del Plan Nacional de Ciencia, Tecnolog\u00eda e Innovaci\u00f3n 2030, el instrumento que define, organiza y comunica el conjunto de pol\u00edticas, estrategias e instrumentos para todos los actores y agentes p\u00fablicos y privados que integran el Sistema Nacional de Ciencia, Tecnolog\u00eda e Innovaci\u00f3n.<\/p>\n<p>En su exposici\u00f3n, Sleiman cont\u00f3 que el objetivo de este plan es \u201cimpulsar la generaci\u00f3n y gesti\u00f3n del conocimiento para la innovaci\u00f3n social, productiva, inclusiva y sostenible\u201d, y entre los desaf\u00edos para este per\u00edodo reconoci\u00f3 que la falta de financiamiento de parte del sector privado y la necesidad de federalizaci\u00f3n ocupan un lugar central en la agenda del Ministerio<strong>(VW\/AUNO).<\/strong><\/p>\n","protected":false},"excerpt":{"rendered":"<p>Becarios y estudiantes de la Universidad Nacional de Lomas de Zamora (UNLZ) presentaron p\u00f3sters cient\u00edficos durante una sesi\u00f3n en la que los asistentes pudieron votar la mejor producci\u00f3n de cada unidad acad\u00e9mica.<\/p>\n","protected":false},"author":3,"featured_media":12123,"comment_status":"closed","ping_status":"closed","sticky":false,"template":"","format":"standard","meta":{"_monsterinsights_skip_tracking":false,"_monsterinsights_sitenote_active":false,"_monsterinsights_sitenote_note":"","_monsterinsights_sitenote_category":0,"footnotes":""},"categories":[7],"tags":[5053,2771,368,5052,795,2321],"class_list":["post-12122","post","type-post","status-publish","format-standard","has-post-thumbnail","hentry","category-educacion-y-cultura","tag-becarios","tag-concurso","tag-conicet","tag-jornada","tag-sociales","tag-unlz"],"_links":{"self":[{"href":"https:\/\/www.visionweb.com.ar\/index.php?rest_route=\/wp\/v2\/posts\/12122","targetHints":{"allow":["GET"]}}],"collection":[{"href":"https:\/\/www.visionweb.com.ar\/index.php?rest_route=\/wp\/v2\/posts"}],"about":[{"href":"https:\/\/www.visionweb.com.ar\/index.php?rest_route=\/wp\/v2\/types\/post"}],"author":[{"embeddable":true,"href":"https:\/\/www.visionweb.com.ar\/index.php?rest_route=\/wp\/v2\/users\/3"}],"replies":[{"embeddable":true,"href":"https:\/\/www.visionweb.com.ar\/index.php?rest_route=%2Fwp%2Fv2%2Fcomments&post=12122"}],"version-history":[{"count":1,"href":"https:\/\/www.visionweb.com.ar\/index.php?rest_route=\/wp\/v2\/posts\/12122\/revisions"}],"predecessor-version":[{"id":12124,"href":"https:\/\/www.visionweb.com.ar\/index.php?rest_route=\/wp\/v2\/posts\/12122\/revisions\/12124"}],"wp:featuredmedia":[{"embeddable":true,"href":"https:\/\/www.visionweb.com.ar\/index.php?rest_route=\/wp\/v2\/media\/12123"}],"wp:attachment":[{"href":"https:\/\/www.visionweb.com.ar\/index.php?rest_route=%2Fwp%2Fv2%2Fmedia&parent=12122"}],"wp:term":[{"taxonomy":"category","embeddable":true,"href":"https:\/\/www.visionweb.com.ar\/index.php?rest_route=%2Fwp%2Fv2%2Fcategories&post=12122"},{"taxonomy":"post_tag","embeddable":true,"href":"https:\/\/www.visionweb.com.ar\/index.php?rest_route=%2Fwp%2Fv2%2Ftags&post=12122"}],"curies":[{"name":"wp","href":"https:\/\/api.w.org\/{rel}","templated":true}]}}