{"id":12119,"date":"2023-10-10T11:58:44","date_gmt":"2023-10-10T14:58:44","guid":{"rendered":"https:\/\/www.visionweb.com.ar\/?p=12119"},"modified":"2023-10-12T13:51:40","modified_gmt":"2023-10-12T16:51:40","slug":"fueron-58-municipios-que-reciben-la-asistencia-del-fondo-especial","status":"publish","type":"post","link":"https:\/\/www.visionweb.com.ar\/?p=12119","title":{"rendered":"Son 58 municipios que reciben la asistencia del Fondo Especial"},"content":{"rendered":"<p><strong><em>Se trata del Fondo de\u00a0 Asignaciones Extraordinarias Salariales. Los recursos se otorgan a pedido de cada municipio. De esta forma, la Provincia contribuye al pago del refuerzo salarial de las y los trabajadores municipales.<\/em><\/strong><!--more--><\/p>\n<p><img loading=\"lazy\" decoding=\"async\" class=\"size-medium wp-image-12120 alignright\" src=\"https:\/\/www.visionweb.com.ar\/wp-content\/uploads\/2023\/10\/AYUDA-300x175.jpg\" alt=\"\" width=\"300\" height=\"175\" srcset=\"https:\/\/www.visionweb.com.ar\/wp-content\/uploads\/2023\/10\/AYUDA-300x175.jpg 300w, https:\/\/www.visionweb.com.ar\/wp-content\/uploads\/2023\/10\/AYUDA.jpg 640w\" sizes=\"auto, (max-width: 300px) 100vw, 300px\" \/>Fueron 58 los municipios que\u00a0 firmaron las actas que oficializaron la asistencia a los primeros 23 municipios que solicitaron la asistencia del Fondo Especial de Asignaciones Extraordinarias Salariales para Municipios.<\/p>\n<p>Ese Fondo tiene como objetivo contribuir al refuerzo salarial de las y los trabajadores municipales con hasta el 50% del pago de la suma fija. Los recursos son otorgados previa solicitud de cada municipio, y se reintegrar\u00e1n en diciembre, indic\u00f3 la cartera que conduce el ministro Pablo L\u00f3pez<\/p>\n<p>Los intendentes que suscribieron la adhesi\u00f3n la intendenta Mariel Fern\u00e1ndez, de Moreno, y los intendentes Andr\u00e9s Watson, de Florencio Varela; Federico Ach\u00e1val, de Pilar; Juan Jos\u00e9 Mussi, de Berazategui; Ricardo Curutchet, de Marcos Paz; Carlos Alberto S\u00e1nchez, de Tres Arroyos; de Mariano Barroso, de 9 de Julio; .<\/p>\n<p>Tambi\u00e9n se sumaron Pablo Jos\u00e9 Torres de Laprida; Marcelo Santill\u00e1n, de Adolfo Gonz\u00e1les Ch\u00e1ves; Sergio Bordoni, de Tornquist; Rom\u00e1n Bouvier, de Rojas; Lisandro Matzkin, de Coronel Pringles; Lucas Ghi, de Mor\u00f3n; Mauro Garc\u00eda, de General Rodr\u00edguez; Iv\u00e1n Villagr\u00e1n, de Carmen de Areco; Fernando Moreira, de General San Martin; Fabi\u00e1n Cagliardi, de Berisso; Daniel Stadnik, de Carlos Casares; Leonardo Boto, de Luj\u00e1n, Esteban Sanzio, de Baradero; Juan Ignacio Ustarroz, de Mercedes; Diego Nanni, de Exaltaci\u00f3n de la Cruz; y Jorge Carrera, de Tres Lomas.<\/p>\n<p>Al respecto, el Ministro Pablo L\u00f3pez asegur\u00f3 que: \u201cMediante esta firma se concreta el \u00faltimo paso administrativo para que los municipios que solicitaron la asistencia puedan hacer frente al pago de una suma fija a sus trabajadores. De esta forma, la Provincia contribuye a que el refuerzo establecido por el Gobierno Nacional llegue a la mayor cantidad de trabajadores y trabajadoras municipales, como ya lo asegur\u00f3 para las y los trabajadores provinciales\u201d.<\/p>\n<p>\u201cComo marca el Gobernador Axel Kicillof, desde el inicio de nuestra gesti\u00f3n trabajamos coordinadamente con los municipios con el objetivo de hacer llegar pol\u00edticas que den respuesta a las necesidades de cada bonaerense\u201d.<\/p>\n<p>Tambi\u00e9n solicitaron la asistencia, y estar\u00e1n firmando la adhesi\u00f3n en los pr\u00f3ximos d\u00edas, los municipios de Ituzaing\u00f3, La Costa, Punta Indio, Villa Gesell, General Pinto, Castelli, General Paz, Chascom\u00fas, Las Flores, Tapalqu\u00e9, Villarino, General Lamadrid, La Plata, Coronel Rosales, Carmen de Patagones, Coronel Su\u00e1rez, Monte Hermoso, General Alvarado, Mar Chiquita, Bol\u00edvar, La Costa, Guamin\u00ed, Hip\u00f3lito Yrigoyen, Tordillo, Pila, Daireaux, Ca\u00f1uelas, Esteban Echeverr\u00eda, General Las Heras, Rivadavia, Rauch, San Cayetano, Lan\u00fas, Lezama y Salto<strong>(VW)<\/strong>.<\/p>\n","protected":false},"excerpt":{"rendered":"<p>Se trata del Fondo de\u00a0 Asignaciones Extraordinarias Salariales. Los recursos se otorgan a pedido de cada municipio. De esta forma, la Provincia contribuye al pago del refuerzo salarial de las y los trabajadores municipales.<\/p>\n","protected":false},"author":3,"featured_media":12120,"comment_status":"closed","ping_status":"closed","sticky":false,"template":"","format":"standard","meta":{"_monsterinsights_skip_tracking":false,"_monsterinsights_sitenote_active":false,"_monsterinsights_sitenote_note":"","_monsterinsights_sitenote_category":0,"footnotes":""},"categories":[4],"tags":[],"class_list":["post-12119","post","type-post","status-publish","format-standard","has-post-thumbnail","hentry","category-politica"],"_links":{"self":[{"href":"https:\/\/www.visionweb.com.ar\/index.php?rest_route=\/wp\/v2\/posts\/12119","targetHints":{"allow":["GET"]}}],"collection":[{"href":"https:\/\/www.visionweb.com.ar\/index.php?rest_route=\/wp\/v2\/posts"}],"about":[{"href":"https:\/\/www.visionweb.com.ar\/index.php?rest_route=\/wp\/v2\/types\/post"}],"author":[{"embeddable":true,"href":"https:\/\/www.visionweb.com.ar\/index.php?rest_route=\/wp\/v2\/users\/3"}],"replies":[{"embeddable":true,"href":"https:\/\/www.visionweb.com.ar\/index.php?rest_route=%2Fwp%2Fv2%2Fcomments&post=12119"}],"version-history":[{"count":2,"href":"https:\/\/www.visionweb.com.ar\/index.php?rest_route=\/wp\/v2\/posts\/12119\/revisions"}],"predecessor-version":[{"id":12163,"href":"https:\/\/www.visionweb.com.ar\/index.php?rest_route=\/wp\/v2\/posts\/12119\/revisions\/12163"}],"wp:featuredmedia":[{"embeddable":true,"href":"https:\/\/www.visionweb.com.ar\/index.php?rest_route=\/wp\/v2\/media\/12120"}],"wp:attachment":[{"href":"https:\/\/www.visionweb.com.ar\/index.php?rest_route=%2Fwp%2Fv2%2Fmedia&parent=12119"}],"wp:term":[{"taxonomy":"category","embeddable":true,"href":"https:\/\/www.visionweb.com.ar\/index.php?rest_route=%2Fwp%2Fv2%2Fcategories&post=12119"},{"taxonomy":"post_tag","embeddable":true,"href":"https:\/\/www.visionweb.com.ar\/index.php?rest_route=%2Fwp%2Fv2%2Ftags&post=12119"}],"curies":[{"name":"wp","href":"https:\/\/api.w.org\/{rel}","templated":true}]}}