{"id":12106,"date":"2023-10-09T11:45:38","date_gmt":"2023-10-09T14:45:38","guid":{"rendered":"https:\/\/www.visionweb.com.ar\/?p=12106"},"modified":"2023-10-09T11:45:38","modified_gmt":"2023-10-09T14:45:38","slug":"came-cayeron-las-ventas-minoristas-11-en-septiembre","status":"publish","type":"post","link":"https:\/\/www.visionweb.com.ar\/?p=12106","title":{"rendered":"CAME: Cayeron las ventas minoristas 1,1% en septiembre"},"content":{"rendered":"<p><em>Suman nueve meses en retroceso con 2,6%, y acumulan un 5,1% interanual.<strong> Los sectores m\u00e1s afectados en septiembre fueron Alimentos y Bebidas, con una contracci\u00f3n de 8,1% anual, y Farmacias con una contracci\u00f3n del 12,3%.\u00a0<\/strong>\u00a0<strong>\u201cHasta la fecha, el mes de septiembre fue el de peor desempe\u00f1o del a\u00f1o\u201d, expresaron desde la CAME.<\/strong><\/em><!--more--><\/p>\n<p><img loading=\"lazy\" decoding=\"async\" class=\"size-medium wp-image-11498 alignleft\" src=\"https:\/\/www.visionweb.com.ar\/wp-content\/uploads\/2023\/08\/a-super-300x202.png\" alt=\"\" width=\"300\" height=\"202\" srcset=\"https:\/\/www.visionweb.com.ar\/wp-content\/uploads\/2023\/08\/a-super-300x202.png 300w, https:\/\/www.visionweb.com.ar\/wp-content\/uploads\/2023\/08\/a-super.png 444w\" sizes=\"auto, (max-width: 300px) 100vw, 300px\" \/>\u00a0 <strong>L<\/strong>a <strong>Confederaci\u00f3n Argentina de la Mediana Empresa<\/strong> (CAME) inform\u00f3 que las ventas minoristas de las Pymes comerciales descendieron 1,1% con relaci\u00f3n a agosto, es decir, que <strong>volvieron a caer por noveno mes consecutivo en septiembre al retroceder 5,1% anual<\/strong>, por lo que acumulan una baja de 2,6% en los primeros nueve meses del a\u00f1o, frente al mismo periodo de 2022.<\/p>\n<p>Desde la entidad gremial-empresaria indicaron que\u00a0<strong>\u201chasta la fecha, el mes de septiembre fue el de peor desempe\u00f1o del a\u00f1o\u201d,\u00a0y <\/strong>explicaron que \u201cel consumo acus\u00f3 la p\u00e9rdida del poder adquisitivo familiar derivado de las fuertes subas de precios\u201d.<\/p>\n<p>A la vez, remarcaron que \u201clas pol\u00edticas de ingresos lanzadas por el Gobierno no alcanzaron a contener la ca\u00edda en la demanda\u201d.<\/p>\n<p>Al mismo tiempo, se\u00f1alaron que\u00a0<strong>\u201chubo menos opciones de financiamiento en cuotas y eso revirti\u00f3 decisiones de compra, especialmente en bienes de mayor valor\u201d,\u00a0<\/strong>y advirtieron que \u201calgunos negocios notaron rechazos de pagos con tarjetas superiores a los habituales\u201d.<\/p>\n<p>El \u00cdndice de Ventas Minoristas Pymes arroj\u00f3 que\u00a0<strong>dos de los sectores m\u00e1s afectados en el mes fueron Alimentos y Bebidas, con una contracci\u00f3n de 8,1% anual y Farmacias con una contracci\u00f3n del 12,3%.\u00a0<\/strong>Desde CAME aseguraron que \u201cel declive de esos rubros b\u00e1sicos, confirman la dif\u00edcil coyuntura que atraviesa la actividad comercial\u201d.<\/p>\n<p>En septiembre, s<strong>eis de los siete rubros registraron ca\u00eddas interanuales en sus ventas<\/strong>. La mayor retracci\u00f3n ocurri\u00f3 en Farmacia (-12,3%) y el \u00fanico rubro en alza fue Calzado y Marroquiner\u00eda (+4,3%). En el acumulado del a\u00f1o, Farmacias (+3,2%) y Calzado y marroquiner\u00eda (+0,5%) son los \u00fanicos que experimentan crecimiento.<\/p>\n<p><strong>Rubro por rubro:<\/strong><\/p>\n<ul>\n<li><strong>Alimentos y bebidas:\u00a0<\/strong>las ventas\u00a0<strong>descendieron un 8,1% anual\u00a0<\/strong>en septiembre, a precios constantes y acumulan una baja del 2,6% en los primeros nueve meses del a\u00f1o frente al mismo periodo de 2022. En la comparaci\u00f3n intermensual disminuyeron 1,6%.<\/li>\n<li><strong>Bazar, decoraci\u00f3n, textiles para el hogar y muebles: el declive fue del 1,2% anual\u00a0<\/strong>en septiembre y suma un retroceso del 1,9% en los primeros nueve meses del 2023, contra el mismo periodo del a\u00f1o pasado. En la comparaci\u00f3n intermensual, subieron 2,4%.<\/li>\n<li><strong>Calzado y marroquiner\u00eda<\/strong>: las ventas\u00a0<strong>ascendieron un 4,3% anual en septiembre<\/strong>, siempre a precios constantes, y registran un aumento de 0,5% en los primeros nueve meses, en relaci\u00f3n con el mismo periodo de 2022. En la comparaci\u00f3n intermensual subieron 3,5%.<\/li>\n<li><strong>Farmacia<\/strong>: las ventas\u00a0<strong>se desplomaron 12,3% anual en septiembre,<\/strong>\u00a0sin embargo, a\u00fan acumulan un crecimiento de 3,2% en los primeros nueve meses del a\u00f1o, siempre comparado con igual periodo de 2022. En relaci\u00f3n con el mes pasado, bajaron 9,9%.<\/li>\n<li><strong>Perfumer\u00eda<\/strong>: registr\u00f3 un\u00a0<strong>declive del 1% anual, y tambi\u00e9n acumula una ca\u00edda de 1% en los primeros nueve meses<\/strong>\u00a0del a\u00f1o frente al mismo periodo de 2022. En la comparaci\u00f3n con agosto las ventas subieron 1,1%.<\/li>\n<li><strong>Ferreter\u00eda, materiales el\u00e9ctricos y materiales de la construcci\u00f3n<\/strong>: las\u00a0<strong>ventas cayeron 3% anual en septiembre<\/strong>, a precios constantes y llevan as\u00ed una baja de 1,1% en los primeros nueve meses de la temporada, en relaci\u00f3n con el mismo al mismo periodo de 2022. En cambio, contra agosto subieron 2,1%.<\/li>\n<li><strong>Textil e indumentaria<\/strong>: las\u00a0<strong>ventas bajaron un 1,9% anual en septiembre, y hasta ah\u00ed llevan una ca\u00edda de 7,3%,\u00a0<\/strong>siempre contrastado con el mismo lapso de 2022. En relaci\u00f3n con el mes pasado descendieron 0,6%. <strong>(VW)<\/strong><\/li>\n<\/ul>\n","protected":false},"excerpt":{"rendered":"<p>Suman nueve meses en retroceso con 2,6%, y acumulan un 5,1% interanual. Los sectores m\u00e1s afectados en septiembre fueron Alimentos y Bebidas, con una contracci\u00f3n de 8,1% anual, y Farmacias con una contracci\u00f3n del&#46;&#46;&#46;<\/p>\n","protected":false},"author":4,"featured_media":11498,"comment_status":"closed","ping_status":"closed","sticky":false,"template":"","format":"standard","meta":{"_monsterinsights_skip_tracking":false,"_monsterinsights_sitenote_active":false,"_monsterinsights_sitenote_note":"","_monsterinsights_sitenote_category":0,"footnotes":""},"categories":[6],"tags":[309,5044],"class_list":["post-12106","post","type-post","status-publish","format-standard","has-post-thumbnail","hentry","category-economia","tag-came","tag-cayeron-las-ventas-minoristas-en-septiembre"],"_links":{"self":[{"href":"https:\/\/www.visionweb.com.ar\/index.php?rest_route=\/wp\/v2\/posts\/12106","targetHints":{"allow":["GET"]}}],"collection":[{"href":"https:\/\/www.visionweb.com.ar\/index.php?rest_route=\/wp\/v2\/posts"}],"about":[{"href":"https:\/\/www.visionweb.com.ar\/index.php?rest_route=\/wp\/v2\/types\/post"}],"author":[{"embeddable":true,"href":"https:\/\/www.visionweb.com.ar\/index.php?rest_route=\/wp\/v2\/users\/4"}],"replies":[{"embeddable":true,"href":"https:\/\/www.visionweb.com.ar\/index.php?rest_route=%2Fwp%2Fv2%2Fcomments&post=12106"}],"version-history":[{"count":1,"href":"https:\/\/www.visionweb.com.ar\/index.php?rest_route=\/wp\/v2\/posts\/12106\/revisions"}],"predecessor-version":[{"id":12107,"href":"https:\/\/www.visionweb.com.ar\/index.php?rest_route=\/wp\/v2\/posts\/12106\/revisions\/12107"}],"wp:featuredmedia":[{"embeddable":true,"href":"https:\/\/www.visionweb.com.ar\/index.php?rest_route=\/wp\/v2\/media\/11498"}],"wp:attachment":[{"href":"https:\/\/www.visionweb.com.ar\/index.php?rest_route=%2Fwp%2Fv2%2Fmedia&parent=12106"}],"wp:term":[{"taxonomy":"category","embeddable":true,"href":"https:\/\/www.visionweb.com.ar\/index.php?rest_route=%2Fwp%2Fv2%2Fcategories&post=12106"},{"taxonomy":"post_tag","embeddable":true,"href":"https:\/\/www.visionweb.com.ar\/index.php?rest_route=%2Fwp%2Fv2%2Ftags&post=12106"}],"curies":[{"name":"wp","href":"https:\/\/api.w.org\/{rel}","templated":true}]}}