{"id":12105,"date":"2023-10-09T11:47:06","date_gmt":"2023-10-09T14:47:06","guid":{"rendered":"https:\/\/www.visionweb.com.ar\/?p=12105"},"modified":"2023-10-09T11:47:06","modified_gmt":"2023-10-09T14:47:06","slug":"los-trabajadores-informales-comienzan-a-cobrar-el-bono-de-refuerzo","status":"publish","type":"post","link":"https:\/\/www.visionweb.com.ar\/?p=12105","title":{"rendered":"Los trabajadores informales comienzan a cobrar el bono de refuerzo"},"content":{"rendered":"<p><strong><em>Es de $47.000 y se abonar\u00e1 seg\u00fan el n\u00famero de documento. Para recibir el beneficio, los interesados no tienen que recibir ning\u00fan tipo de asistencia del estado.<\/em><\/strong><!--more--><\/p>\n<p><img loading=\"lazy\" decoding=\"async\" class=\"size-full wp-image-11164 alignright\" src=\"https:\/\/www.visionweb.com.ar\/wp-content\/uploads\/2023\/07\/anses.png\" alt=\"\" width=\"252\" height=\"124\" \/>Desde este lunes, los trabajadores informales comenzar\u00e1n a cobrar el bono de refuerzo de $47.000, seg\u00fan el n\u00famero de documento, la primera de las dos cuotas, inform\u00f3 la Administraci\u00f3n Nacional de Seguridad Social (Anses).<\/p>\n<p>De acuerdo con lo informado por la Agencia de la Seguridad Social, los DNI terminados en 0, 1 y 2 cobran hoy, mientras que los finalizados en 3, 4 y 5 lo har\u00e1n ma\u00f1ana; los que llevan como \u00faltimo n\u00famero 6 y 7, el mi\u00e9rcoles 11; y los que concluyen en 8 y 9, el jueves 12.<\/p>\n<p>La inscripci\u00f3n puede realizarse hasta el 31 de octubre todos los d\u00edas de 14 a 24 en\u00a0www.anses.gob.ar\u00a0o en la aplicaci\u00f3n mi ANSES.<\/p>\n<p>Pueden acceder al refuerzo trabajadores informales de entre 18 y 64 a\u00f1os. Es preciso no contar con ingresos registrados ni ser titular de ning\u00fan tipo de asistencia econ\u00f3mica del Estado.<\/p>\n<p>\u00bfCu\u00e1les son esas asistencias? La Asignaci\u00f3n Universal por Hija e Hijo (AUH), las becas Progresar o el Potenciar Trabajo.<\/p>\n<p>Adem\u00e1s, Anses realiza una evaluaci\u00f3n socioecon\u00f3mica y patrimonial (consumo, bienes, cobertura de salud, etc.) de los solicitantes<strong>(VW)<\/strong>.<\/p>\n<h2 class=\"wp-block-heading\"><\/h2>\n","protected":false},"excerpt":{"rendered":"<p>Es de $47.000 y se abonar\u00e1 seg\u00fan el n\u00famero de documento. Para recibir el beneficio, los interesados no tienen que recibir ning\u00fan tipo de asistencia del estado.<\/p>\n","protected":false},"author":3,"featured_media":11164,"comment_status":"closed","ping_status":"closed","sticky":false,"template":"","format":"standard","meta":{"_monsterinsights_skip_tracking":false,"_monsterinsights_sitenote_active":false,"_monsterinsights_sitenote_note":"","_monsterinsights_sitenote_category":0,"footnotes":""},"categories":[3,8],"tags":[300,2179,2242,1247],"class_list":["post-12105","post","type-post","status-publish","format-standard","has-post-thumbnail","hentry","category-actualidad","category-interes-general","tag-anses","tag-informales","tag-refuerzo","tag-trabajadores"],"_links":{"self":[{"href":"https:\/\/www.visionweb.com.ar\/index.php?rest_route=\/wp\/v2\/posts\/12105","targetHints":{"allow":["GET"]}}],"collection":[{"href":"https:\/\/www.visionweb.com.ar\/index.php?rest_route=\/wp\/v2\/posts"}],"about":[{"href":"https:\/\/www.visionweb.com.ar\/index.php?rest_route=\/wp\/v2\/types\/post"}],"author":[{"embeddable":true,"href":"https:\/\/www.visionweb.com.ar\/index.php?rest_route=\/wp\/v2\/users\/3"}],"replies":[{"embeddable":true,"href":"https:\/\/www.visionweb.com.ar\/index.php?rest_route=%2Fwp%2Fv2%2Fcomments&post=12105"}],"version-history":[{"count":1,"href":"https:\/\/www.visionweb.com.ar\/index.php?rest_route=\/wp\/v2\/posts\/12105\/revisions"}],"predecessor-version":[{"id":12108,"href":"https:\/\/www.visionweb.com.ar\/index.php?rest_route=\/wp\/v2\/posts\/12105\/revisions\/12108"}],"wp:featuredmedia":[{"embeddable":true,"href":"https:\/\/www.visionweb.com.ar\/index.php?rest_route=\/wp\/v2\/media\/11164"}],"wp:attachment":[{"href":"https:\/\/www.visionweb.com.ar\/index.php?rest_route=%2Fwp%2Fv2%2Fmedia&parent=12105"}],"wp:term":[{"taxonomy":"category","embeddable":true,"href":"https:\/\/www.visionweb.com.ar\/index.php?rest_route=%2Fwp%2Fv2%2Fcategories&post=12105"},{"taxonomy":"post_tag","embeddable":true,"href":"https:\/\/www.visionweb.com.ar\/index.php?rest_route=%2Fwp%2Fv2%2Ftags&post=12105"}],"curies":[{"name":"wp","href":"https:\/\/api.w.org\/{rel}","templated":true}]}}