{"id":12097,"date":"2023-10-06T17:55:23","date_gmt":"2023-10-06T20:55:23","guid":{"rendered":"https:\/\/www.visionweb.com.ar\/?p=12097"},"modified":"2023-10-06T17:55:23","modified_gmt":"2023-10-06T20:55:23","slug":"el-palmar-un-tesoro-de-de-argentina-refugio-de-historia-y-naturaleza","status":"publish","type":"post","link":"https:\/\/www.visionweb.com.ar\/?p=12097","title":{"rendered":"El Palmar: Un tesoro de de Argentina, refugio de historia y naturaleza"},"content":{"rendered":"<p><strong><em>Con hasta 600 palmeras por hect\u00e1rea, la reserva cuida a los ejemplares de Yatay, que llegan a vivir siete siglos y medir 18 metros de altura. Adem\u00e1s,\u00a0confluyen miradores con paisajes y atardeceres \u00fanicos e inolvidables; arroyos, bosques y selvas.<\/em><\/strong><!--more--><\/p>\n<div id=\"attachment_12098\" style=\"width: 310px\" class=\"wp-caption alignright\"><img loading=\"lazy\" decoding=\"async\" aria-describedby=\"caption-attachment-12098\" class=\"wp-image-12098 size-medium\" src=\"https:\/\/www.visionweb.com.ar\/wp-content\/uploads\/2023\/10\/COLON-EL-PALMAR-300x169.png\" alt=\"\" width=\"300\" height=\"169\" srcset=\"https:\/\/www.visionweb.com.ar\/wp-content\/uploads\/2023\/10\/COLON-EL-PALMAR-300x169.png 300w, https:\/\/www.visionweb.com.ar\/wp-content\/uploads\/2023\/10\/COLON-EL-PALMAR.png 640w\" sizes=\"auto, (max-width: 300px) 100vw, 300px\" \/><p id=\"caption-attachment-12098\" class=\"wp-caption-text\"><em><strong>El Palmar de Col\u00f3n, Entre r\u00edos, una verdadera reserva natural (Prensa Telam)<\/strong><\/em><\/p><\/div>\n<p><strong>E<\/strong>l Parque Nacional El Palmar, sitio Ramsar\u00a0<strong>con importancia y protecci\u00f3n internacional que recibe a m\u00e1s de 150.000 visitantes por a\u00f1o<\/strong>, se erige como reservorio de historia y de ecosistemas \u00fanicos y especiales, que fuera de sus l\u00edmites pr\u00e1cticamente desaparecieron en los \u00faltimos siglos por el avance de la agricultura, la cr\u00eda de ganado que se alimentaba de palmeras j\u00f3venes y la tala indiscriminada.<\/p>\n<p>Seg\u00fan un trabajo publicado por la Agencia Telam,\u00a0 con hasta 600 palmeras por hect\u00e1rea, la reserva cuida a los ejemplares de yatay, que llegan a vivir siete siglos y medir 18 metros de altura, y que hace unos 400 a\u00f1os colmaban las actuales provincias de Chaco, Corrientes, Santa Fe, Entre R\u00edos, y el pa\u00eds Uruguay.<\/p>\n<p>Sus troncos y copas son el refugio de m\u00e1s del 25% de las especies de aves que existen en el pa\u00eds; y los frutos de las palmeras, carnosos y agridulces, convocan a gran cantidad de animales que se cruzan constantemente por los senderos y caminos.<\/p>\n<p>En sus 8.213 hect\u00e1reas confluyen miradores con paisajes y atardeceres \u00fanicos e inolvidables; arroyos, bosques y selvas a los que se puede llegar en auto, moto o bicicleta, ya que a\u00fan no hay transporte p\u00fablico hasta el lugar.<\/p>\n<p>Ubicado a 40 kil\u00f3metros de Col\u00f3n, 65 de Concordia, a unos 320 de Rosario y a 350 de Ciudad de Buenos Aires, las palmeras al borde de la ruta nacional 14 confirman, como en un cuento que invita a seguir conociendo, que el ingreso al Parque est\u00e1 cerca.<\/p>\n<p>Por un camino de ripio a unos 6 kil\u00f3metros de la entrada, se presenta un desv\u00edo al mirador \u00abLa Glorieta\u00bb y a otros dos senderos entre bosques con un \u00abrabi\u00f3n\u00bb, donde por la pendiente y las rocas aumenta la velocidad y turbulencia del arroyo El Palmar, que sintoniza con los cantos de las aves.<\/p>\n<p>Al regresar al camino principal, otra caminata invita a conocer entre palmeras la historia de la regi\u00f3n y recorrer pastizales muy importantes para los \u00f1and\u00faes, animal clave ya que comen las semillas, fomentan la siembra de palmeras y equilibran el ecosistema.<\/p>\n<p>Es muy com\u00fan ver de cerca todo tipo de animales, principalmente carpinchos y vizcachas, por lo que recomiendan no alimentarlos ni perturbar su ambiente, y tambi\u00e9n avanzar a menos de 40 kil\u00f3metros por hora por los caminos, y a 20 por los paseos.<\/p>\n<p>M\u00e1s adelante, otro sendero especial para guardar paisajes en la memoria desemboca en una escalera natural de piedras que contin\u00faa por debajo del agua; y un desv\u00edo del camino principal lleva hasta un observatorio, al que anualmente arriban cientos de aficionados de todo el mundo.<\/p>\n<p>En silencio, logran observar a m\u00e1s de 250 especies que conviven en el parque y que representan al 25% de las familias que existen en Argentina, entre unas 100 especies de aves migratorias y m\u00e1s de 200 aves residentes, que construyen nidos de hasta dos metros de di\u00e1metro.<\/p>\n<p>A casi 12 kil\u00f3metros de la entrada se ubica el camping de 7 hect\u00e1reas, con un costo de $1.000 para recorrer hasta las 18, o de $3.600 para dormir en una parcela con bancos, mesa, enchufes, parrillas y un \u00e1rea de servicios en la antigua casa de peones.<\/p>\n<p>Tambi\u00e9n es el punto de partida de un sendero que muestra la invasi\u00f3n de especies vegetales ex\u00f3ticas y va hasta el arroyo Los Loros, con sus excursiones en canoa; mientras otra senda recorre los edificios, jardines y el casco hist\u00f3rico de una vieja estancia.<\/p>\n<p>\u00abLa Calera del Palmar\u00bb es uno de los m\u00e1s elegidos y, al cruzar una gran selva en galer\u00eda, surgen ruinas con diferentes historias.<\/p>\n<p>En la zona conviven vestigios de las comunidades originarias del 1200, como un viejo cementerio del siglo XVIII; las expediciones espa\u00f1olas y asentamientos jesuitas con sus construcciones; el paso de Urquiza; una empresa que se instal\u00f3 en 1955; y el inicio del Parque, en 1966.<\/p>\n<p>Al finalizar el camino, un mirador natural funciona como punto panor\u00e1mico con paisajes m\u00e1gicos e inolvidables entre los colores del r\u00edo y sus peces, la arena rubia, y la mezcla de bellezas y colores de p\u00e1jaros, \u00e1rboles y flores.<\/p>\n<p>Las playas est\u00e1n habilitadas desde el 1 de diciembre hasta el domingo de Semana Santa, y pr\u00f3ximamente se agregar\u00e1 un banco de arena llamado \u00abel para\u00edso entrerriano\u00bb.<\/p>\n<p>El \u00faltimo sendero, el de la Selva, es el m\u00e1s dificultoso y se recomienda completar un registro antes de iniciarlo, y llevar gorro o sombrero, protector solar, repelente y mucha agua.<\/p>\n<p><strong>Seg\u00fan Nahuel Abdala, responsable del \u00e1rea de Uso P\u00fablico de El Palmar,<\/strong>\u00a0donde trabaja hace m\u00e1s de 11 a\u00f1os, se puede recorrer todo el a\u00f1o pero la mejor \u00e9poca es \u00abprimavera, fines de verano y principios de oto\u00f1o\u00bb.<\/p>\n<p>Las entradas se pueden adquirir en\u00a0<a href=\"https:\/\/ventaweb.apn.gob.ar\/reserva\/parques\" target=\"_blank\" rel=\"noopener\">https:\/\/ventaweb.apn.gob.ar\/reserva\/parques<\/a>, o en el ingreso, en efectivo, d\u00e9bito o con Previaje.<\/p>\n<p>Jubilados, personas con discapacidad y menores de 6 a\u00f1os pueden recorrer sin costo; estudiantes terciarios, universitarios, entrerrianos y menores de entre 6 y 16 a\u00f1os pagan $1.000; argentinos mayores de 17, $1.500; y extranjeros $5.500.<\/p>\n<p><strong>Las opciones de hospedaje<\/strong> cercano son el refugio de vida silvestre \u00abLa Aurora del Palmar\u00bb, frente al ingreso al Parque; y las caba\u00f1as \u00abMirador del Palmar\u00bb, dos kil\u00f3metros al sur de la entrada; adem\u00e1s de hospedajes tradicionales, y no tanto, en colonias y pueblos de la zona que abrazan al visitante con amabilidad<strong>(VW)<\/strong>.<\/p>\n<p>Fuente: Telam<\/p>\n<p>&nbsp;<\/p>\n","protected":false},"excerpt":{"rendered":"<p>Con hasta 600 palmeras por hect\u00e1rea, la reserva cuida a los ejemplares de Yatay, que llegan a vivir siete siglos y medir 18 metros de altura. Adem\u00e1s,\u00a0confluyen miradores con paisajes y atardeceres \u00fanicos e&#46;&#46;&#46;<\/p>\n","protected":false},"author":3,"featured_media":12098,"comment_status":"closed","ping_status":"closed","sticky":false,"template":"","format":"standard","meta":{"_monsterinsights_skip_tracking":false,"_monsterinsights_sitenote_active":false,"_monsterinsights_sitenote_note":"","_monsterinsights_sitenote_category":0,"footnotes":""},"categories":[700],"tags":[5039,5041,5040],"class_list":["post-12097","post","type-post","status-publish","format-standard","has-post-thumbnail","hentry","category-turismo","tag-entre-rios","tag-especies-autoctonas","tag-palmar"],"_links":{"self":[{"href":"https:\/\/www.visionweb.com.ar\/index.php?rest_route=\/wp\/v2\/posts\/12097","targetHints":{"allow":["GET"]}}],"collection":[{"href":"https:\/\/www.visionweb.com.ar\/index.php?rest_route=\/wp\/v2\/posts"}],"about":[{"href":"https:\/\/www.visionweb.com.ar\/index.php?rest_route=\/wp\/v2\/types\/post"}],"author":[{"embeddable":true,"href":"https:\/\/www.visionweb.com.ar\/index.php?rest_route=\/wp\/v2\/users\/3"}],"replies":[{"embeddable":true,"href":"https:\/\/www.visionweb.com.ar\/index.php?rest_route=%2Fwp%2Fv2%2Fcomments&post=12097"}],"version-history":[{"count":1,"href":"https:\/\/www.visionweb.com.ar\/index.php?rest_route=\/wp\/v2\/posts\/12097\/revisions"}],"predecessor-version":[{"id":12099,"href":"https:\/\/www.visionweb.com.ar\/index.php?rest_route=\/wp\/v2\/posts\/12097\/revisions\/12099"}],"wp:featuredmedia":[{"embeddable":true,"href":"https:\/\/www.visionweb.com.ar\/index.php?rest_route=\/wp\/v2\/media\/12098"}],"wp:attachment":[{"href":"https:\/\/www.visionweb.com.ar\/index.php?rest_route=%2Fwp%2Fv2%2Fmedia&parent=12097"}],"wp:term":[{"taxonomy":"category","embeddable":true,"href":"https:\/\/www.visionweb.com.ar\/index.php?rest_route=%2Fwp%2Fv2%2Fcategories&post=12097"},{"taxonomy":"post_tag","embeddable":true,"href":"https:\/\/www.visionweb.com.ar\/index.php?rest_route=%2Fwp%2Fv2%2Ftags&post=12097"}],"curies":[{"name":"wp","href":"https:\/\/api.w.org\/{rel}","templated":true}]}}