{"id":12095,"date":"2023-10-06T17:25:25","date_gmt":"2023-10-06T20:25:25","guid":{"rendered":"https:\/\/www.visionweb.com.ar\/?p=12095"},"modified":"2023-10-06T17:25:25","modified_gmt":"2023-10-06T20:25:25","slug":"la-inflacion-de-caba-alcanzo-al-12-en-septiembre","status":"publish","type":"post","link":"https:\/\/www.visionweb.com.ar\/?p=12095","title":{"rendered":"La inflaci\u00f3n de CABA alcanz\u00f3 al 12% en septiembre"},"content":{"rendered":"<p><em><strong>Es el registro m\u00e1s alto en los \u00faltimos 11 a\u00f1os, indic\u00f3 la Direcci\u00f3n de Estad\u00edsticas y Censo porte\u00f1a. La escalada de los precios fue del 14% en el noveno mes del a\u00f1o.<\/strong><\/em><!--more--><\/p>\n<p><strong><img loading=\"lazy\" decoding=\"async\" class=\"size-medium wp-image-5134 alignright\" src=\"https:\/\/www.visionweb.com.ar\/wp-content\/uploads\/2022\/04\/PRECIOS-CUIDADOS-300x225.png\" alt=\"\" width=\"300\" height=\"225\" srcset=\"https:\/\/www.visionweb.com.ar\/wp-content\/uploads\/2022\/04\/PRECIOS-CUIDADOS-300x225.png 300w, https:\/\/www.visionweb.com.ar\/wp-content\/uploads\/2022\/04\/PRECIOS-CUIDADOS-320x240.png 320w, https:\/\/www.visionweb.com.ar\/wp-content\/uploads\/2022\/04\/PRECIOS-CUIDADOS.png 640w\" sizes=\"auto, (max-width: 300px) 100vw, 300px\" \/>E<\/strong>l \u00cdndice de Precios al Consumidor fue de 12% en septiembre<strong>, <\/strong>registro que super\u00f3 el de agosto, que hab\u00eda marcado 10,8%, inform\u00f3 este viernes la Direcci\u00f3n de Estad\u00edsticas y\u00a0 Censo de CABA. Este es\u00a0el dato m\u00e1s alto en 11 a\u00f1os, desde cuando el organismo porte\u00f1o, comenz\u00f3 a\u00a0relevar el IPC<\/p>\n<p>Con estos registros, septiembre mostr\u00f3 una aceleraci\u00f3n de 1,2 puntos porcentuiales, respecto a agosto de este a\u00f1o, cuando el \u00edndice se ubic\u00f3 en 10,8%.<\/p>\n<p>El alza de precios en la Ciudad respondi\u00f3 principalmente a los aumentos en los rubros: prendas de vestir; alimentos y bebidas no alcoh\u00f3licas, transporte, restaurantes que quedaron por encima del \u00edndice general.<\/p>\n<p>Esos rubros, junto con Restaurantes y hoteles, Salud y prendas de vestir, en conjunto, explicaron el 67,2% del alza del nivel general.<\/p>\n<p>El dato que dio a conocer hoy la Direcci\u00f3n de Estad\u00edstica y Censos porte\u00f1a es el segundo \u00edndice consecutivo que da por encima de los dos d\u00edgitos, tras la devaluaci\u00f3n que dispuso el gobierno de Alberto Fern\u00e1ndez,\u00a0 el d\u00eda posterior a las PASO.<\/p>\n<p>Por su parte, el Ministerio de Econom\u00eda difundi\u00f3 este viernes el \u00edndice de inflaci\u00f3n semanal y asegur\u00f3 que en septiembre los precios se aceleraron 7,4%.<\/p>\n<p>En tanto, el INDEC dar\u00e1 a conocer este jueves 12 de octubre el IPC de septiembre, que las consultoras estimaron dar\u00e1 por encima del 10%<strong>(VW)<\/strong>.<\/p>\n<p>&nbsp;<\/p>\n<p>&nbsp;<\/p>\n","protected":false},"excerpt":{"rendered":"<p>Es el registro m\u00e1s alto en los \u00faltimos 11 a\u00f1os, indic\u00f3 la Direcci\u00f3n de Estad\u00edsticas y Censo porte\u00f1a. La escalada de los precios fue del 14% en el noveno mes del a\u00f1o.<\/p>\n","protected":false},"author":3,"featured_media":5134,"comment_status":"closed","ping_status":"closed","sticky":false,"template":"","format":"standard","meta":{"_monsterinsights_skip_tracking":false,"_monsterinsights_sitenote_active":false,"_monsterinsights_sitenote_note":"","_monsterinsights_sitenote_category":0,"footnotes":""},"categories":[3],"tags":[330,77,47],"class_list":["post-12095","post","type-post","status-publish","format-standard","has-post-thumbnail","hentry","category-actualidad","tag-caba","tag-inflacion","tag-precios"],"_links":{"self":[{"href":"https:\/\/www.visionweb.com.ar\/index.php?rest_route=\/wp\/v2\/posts\/12095","targetHints":{"allow":["GET"]}}],"collection":[{"href":"https:\/\/www.visionweb.com.ar\/index.php?rest_route=\/wp\/v2\/posts"}],"about":[{"href":"https:\/\/www.visionweb.com.ar\/index.php?rest_route=\/wp\/v2\/types\/post"}],"author":[{"embeddable":true,"href":"https:\/\/www.visionweb.com.ar\/index.php?rest_route=\/wp\/v2\/users\/3"}],"replies":[{"embeddable":true,"href":"https:\/\/www.visionweb.com.ar\/index.php?rest_route=%2Fwp%2Fv2%2Fcomments&post=12095"}],"version-history":[{"count":1,"href":"https:\/\/www.visionweb.com.ar\/index.php?rest_route=\/wp\/v2\/posts\/12095\/revisions"}],"predecessor-version":[{"id":12096,"href":"https:\/\/www.visionweb.com.ar\/index.php?rest_route=\/wp\/v2\/posts\/12095\/revisions\/12096"}],"wp:featuredmedia":[{"embeddable":true,"href":"https:\/\/www.visionweb.com.ar\/index.php?rest_route=\/wp\/v2\/media\/5134"}],"wp:attachment":[{"href":"https:\/\/www.visionweb.com.ar\/index.php?rest_route=%2Fwp%2Fv2%2Fmedia&parent=12095"}],"wp:term":[{"taxonomy":"category","embeddable":true,"href":"https:\/\/www.visionweb.com.ar\/index.php?rest_route=%2Fwp%2Fv2%2Fcategories&post=12095"},{"taxonomy":"post_tag","embeddable":true,"href":"https:\/\/www.visionweb.com.ar\/index.php?rest_route=%2Fwp%2Fv2%2Ftags&post=12095"}],"curies":[{"name":"wp","href":"https:\/\/api.w.org\/{rel}","templated":true}]}}