{"id":12088,"date":"2023-10-06T11:47:15","date_gmt":"2023-10-06T14:47:15","guid":{"rendered":"https:\/\/www.visionweb.com.ar\/?p=12088"},"modified":"2023-10-06T11:47:15","modified_gmt":"2023-10-06T14:47:15","slug":"provincia-buscan-acelerar-una-ley-clave-para-los-empleados-municipales","status":"publish","type":"post","link":"https:\/\/www.visionweb.com.ar\/?p=12088","title":{"rendered":"Provincia: Buscan acelerar una ley clave para los empleados municipales"},"content":{"rendered":"<p><em><strong>Se trata de la puesta en marcha del Consejo del Empleo Municipal, una vieja demanda de los gremios estatales. El ministro de Trabajo\u00a0Walter Correa, se reuni\u00f3 con ATE.<\/strong><\/em><!--more--><\/p>\n<div id=\"attachment_12089\" style=\"width: 310px\" class=\"wp-caption alignright\"><img loading=\"lazy\" decoding=\"async\" aria-describedby=\"caption-attachment-12089\" class=\"wp-image-12089 size-medium\" src=\"https:\/\/www.visionweb.com.ar\/wp-content\/uploads\/2023\/10\/consejo-del-salario-municicapl.-foto-ATE-300x143.png\" alt=\"\" width=\"300\" height=\"143\" srcset=\"https:\/\/www.visionweb.com.ar\/wp-content\/uploads\/2023\/10\/consejo-del-salario-municicapl.-foto-ATE-300x143.png 300w, https:\/\/www.visionweb.com.ar\/wp-content\/uploads\/2023\/10\/consejo-del-salario-municicapl.-foto-ATE.png 602w\" sizes=\"auto, (max-width: 300px) 100vw, 300px\" \/><p id=\"caption-attachment-12089\" class=\"wp-caption-text\">Reuni\u00f3n del ministro de Trabajo con autoridades del gremio. Foto: ATE<\/p><\/div>\n<p><strong>\u00a0\u00a0 E<\/strong>l ministro de Trabajo\u00a0de la Provincia <strong>Walter Correa<\/strong>, se reuni\u00f3 con la Asociaci\u00f3n de Trabajadores del Estado (ATE), para abordar la conformaci\u00f3n del\u00a0<strong>Consejo del Empleo Municipal<\/strong>, un \u00f3rgano consultivo previsto en la Ley N\u00b014.656.<\/p>\n<p>El objetivo fundamental es abrir una mesa negociaci\u00f3n para acordar pautas comunes respecto a mejoras salariales para los empleados municipales.<\/p>\n<p>En ese sentido, desde la entidad gremial informaron que en el marco de la reuni\u00f3n de trabajo que mantuvieron con el ministro de\u00a0<strong>Axel Kicillof<\/strong>\u00a0y su equipo, se trat\u00f3<strong>\u00a0\u00abla disposici\u00f3n del Gobierno de la Provincia de Buenos Aires para avanzar en mejoras para el sector\u00bb.<\/strong><\/p>\n<p>Asimismo, desde el gremio dijeron que se habl\u00f3 de la reglamentaci\u00f3n del art\u00edculo 49 de la ley 14.656, sobre la creaci\u00f3n del Consejo, a la vez que realizaron una \u00abvaloraci\u00f3n\u00bb de las paritarias municipales y coincidieron en \u00abavanzar en la firma de convenios colectivos de trabajo en los municipios para garantizar salarios dignos, estabilidad laboral y carrera administrativa\u00bb.<\/p>\n<p>\u00ab<strong>Destacamos el compromiso de los compa\u00f1eras y compa\u00f1eras en este dif\u00edcil momento que atraviesa el pueblo trabajador <\/strong>y con la perspectiva y las ganas de que se<strong> consolide el Consejo municipal del salario para que los 135 distritos de la provincia tengan su convenio colectivo como marca la ley de paritaria municipal\u00bb, <\/strong>dijo Correa.<\/p>\n<p>El secretario general de ATE Buenos Aires,\u00a0<strong>Oscar de Isasi<\/strong>, valor\u00f3 la visita del ministro Correa y asegur\u00f3 que \u00abes importante poder encontrarnos con las autoridades de la cartera laboral para seguir trabajando juntos en <strong>mejorar las condiciones de los trabajadores y trabajadoras del estado municipal<\/strong>\u00ab.<\/p>\n<p>Mientras que\u00a0<strong>Claudio Ar\u00e9valo<\/strong>, secretario general electo, precis\u00f3 \u00abfue un encuentro muy positivo en el que los compa\u00f1eros y compa\u00f1eras de las distintas seccionales pudieron expresarle al ministro la realidad de sus distritos y adem\u00e1s pudimos acordar una agenda com\u00fan de trabajo de cara al futuro\u00bb<\/p>\n<p>El a\u00f1o pasado, en el marco de las discusiones con los gremios, Correa hab\u00eda calificado como\u00a0<strong>\u201cfundamental\u00bb<\/strong>\u00a0que en 2023\u00a0<strong>\u00abtengamos el Consejo del Empleo Municipal para que todos los trabajadores y las trabajadoras municipales de la Provincia puedan tener los mismos derechos que el resto\u201d.<\/strong><\/p>\n<p>En la actualidad hay m\u00e1s de medio mill\u00f3n de trabajadores que brindan servicios en los 2.000 municipios del pa\u00eds, lo que representa el 20 por ciento del total de empleados p\u00fablicos, mientras que el 60 por ciento se desempe\u00f1a en administraciones provinciales y el 20 restante lo hace a nivel nacional. <strong>(VW)<\/strong><\/p>\n<p>&nbsp;<\/p>\n","protected":false},"excerpt":{"rendered":"<p>Se trata de la puesta en marcha del Consejo del Empleo Municipal, una vieja demanda de los gremios estatales. El ministro de Trabajo\u00a0Walter Correa, se reuni\u00f3 con ATE.<\/p>\n","protected":false},"author":4,"featured_media":12089,"comment_status":"closed","ping_status":"closed","sticky":false,"template":"","format":"standard","meta":{"_monsterinsights_skip_tracking":false,"_monsterinsights_sitenote_active":false,"_monsterinsights_sitenote_note":"","_monsterinsights_sitenote_category":0,"footnotes":""},"categories":[4],"tags":[2719,5033,57,5034],"class_list":["post-12088","post","type-post","status-publish","format-standard","has-post-thumbnail","hentry","category-politica","tag-ate","tag-consejo-del-salario-municipales","tag-gremios","tag-walter-correa"],"_links":{"self":[{"href":"https:\/\/www.visionweb.com.ar\/index.php?rest_route=\/wp\/v2\/posts\/12088","targetHints":{"allow":["GET"]}}],"collection":[{"href":"https:\/\/www.visionweb.com.ar\/index.php?rest_route=\/wp\/v2\/posts"}],"about":[{"href":"https:\/\/www.visionweb.com.ar\/index.php?rest_route=\/wp\/v2\/types\/post"}],"author":[{"embeddable":true,"href":"https:\/\/www.visionweb.com.ar\/index.php?rest_route=\/wp\/v2\/users\/4"}],"replies":[{"embeddable":true,"href":"https:\/\/www.visionweb.com.ar\/index.php?rest_route=%2Fwp%2Fv2%2Fcomments&post=12088"}],"version-history":[{"count":1,"href":"https:\/\/www.visionweb.com.ar\/index.php?rest_route=\/wp\/v2\/posts\/12088\/revisions"}],"predecessor-version":[{"id":12090,"href":"https:\/\/www.visionweb.com.ar\/index.php?rest_route=\/wp\/v2\/posts\/12088\/revisions\/12090"}],"wp:featuredmedia":[{"embeddable":true,"href":"https:\/\/www.visionweb.com.ar\/index.php?rest_route=\/wp\/v2\/media\/12089"}],"wp:attachment":[{"href":"https:\/\/www.visionweb.com.ar\/index.php?rest_route=%2Fwp%2Fv2%2Fmedia&parent=12088"}],"wp:term":[{"taxonomy":"category","embeddable":true,"href":"https:\/\/www.visionweb.com.ar\/index.php?rest_route=%2Fwp%2Fv2%2Fcategories&post=12088"},{"taxonomy":"post_tag","embeddable":true,"href":"https:\/\/www.visionweb.com.ar\/index.php?rest_route=%2Fwp%2Fv2%2Ftags&post=12088"}],"curies":[{"name":"wp","href":"https:\/\/api.w.org\/{rel}","templated":true}]}}