{"id":12071,"date":"2023-10-05T12:19:26","date_gmt":"2023-10-05T15:19:26","guid":{"rendered":"https:\/\/www.visionweb.com.ar\/?p=12071"},"modified":"2023-10-05T12:19:26","modified_gmt":"2023-10-05T15:19:26","slug":"futbol-el-club-talleres-de-remedios-de-escalada-tendra-su-predio-deportivo-en-ezeiza","status":"publish","type":"post","link":"https:\/\/www.visionweb.com.ar\/?p=12071","title":{"rendered":"F\u00fatbol: El Club Talleres de Remedios de Escalada tendr\u00e1 su predio deportivo en Ezeiza"},"content":{"rendered":"<p><strong><em>Anunci\u00f3 que har\u00e1 una obra muy importante en 6 hect\u00e1reas que la Agencia de Administraci\u00f3n de Bienes del Estado les cedi\u00f3 en guarda. El predio ser\u00e1 destinado al f\u00fatbol amateur, y entrenamiento de las Inferiores.<\/em><\/strong><!--more--><\/p>\n<div id=\"attachment_12073\" style=\"width: 310px\" class=\"wp-caption alignright\"><img loading=\"lazy\" decoding=\"async\" aria-describedby=\"caption-attachment-12073\" class=\"wp-image-12073 size-medium\" src=\"https:\/\/www.visionweb.com.ar\/wp-content\/uploads\/2023\/10\/talleres-prensa-300x141.png\" alt=\"\" width=\"300\" height=\"141\" srcset=\"https:\/\/www.visionweb.com.ar\/wp-content\/uploads\/2023\/10\/talleres-prensa-300x141.png 300w, https:\/\/www.visionweb.com.ar\/wp-content\/uploads\/2023\/10\/talleres-prensa-520x245.png 520w, https:\/\/www.visionweb.com.ar\/wp-content\/uploads\/2023\/10\/talleres-prensa.png 594w\" sizes=\"auto, (max-width: 300px) 100vw, 300px\" \/><p id=\"caption-attachment-12073\" class=\"wp-caption-text\">Foto: Prensa del Club Talleres de Remedios de Escalada<\/p><\/div>\n<p><strong>\u00a0 E<\/strong>l<strong> Club Talleres de Remedios de Escalada<\/strong>, anunci\u00f3 la<strong> construcci\u00f3n de un predio deportivo<\/strong>\u00a0en el partido de Ezeiza, en terrenos que recibi\u00f3 en guarda de la\u00a0Agencia de Administraci\u00f3n de Bienes del Estado (AABE).<\/p>\n<p>De esta manera, el elenco de Remedios de Escalada recibi\u00f3 ayer mi\u00e9rcoles esta notificaci\u00f3n para toda la familia del Albirrojo, mientras <strong>aguarda la final por el ascenso a la Primera Nacional<\/strong> con<strong>\u00a0San Miguel.<\/strong><\/p>\n<p>\u201cEl\u00a0<strong>Club Atl\u00e9tico Talleres, <\/strong>por medio de su presidente Osvaldo Fern\u00e1ndez,\u00a0<strong>recibi\u00f3 en guarda de parte del\u00a0<\/strong><strong><a href=\"https:\/\/www.argentina.gob.ar\/bienesdelestado\">AABE\u00a0<\/a><\/strong><strong>(Agencia de Administraci\u00f3n de Bienes del Estado), 6 hect\u00e1reas en el partido de Ezeiza<\/strong> <strong>para la construcci\u00f3n de su predio deportivo\u201d<\/strong>, inform\u00f3 Prensa del Club.<\/p>\n<p>La cesi\u00f3n de las tierras se firm\u00f3 ayer mi\u00e9rcoles en un encuentro del que participaron el presidente\u00a0<strong>Osvaldo Fern\u00e1ndez<\/strong>, los vicepresidentes\u00a0<strong>Alejandro Freije<\/strong>\u00a0y <strong>Leonardo Salvadore<\/strong>, junto al secretario Omar Siscar y los directivos Daniel Dragoni y Gustavo P\u00e9rez.<\/p>\n<p>En el comunicado publicado por la instituci\u00f3n del Sur del Gran Buenos Aires, destacaron la colaboraci\u00f3n de<strong>\u00a0Juli\u00e1n \u00c1lvarez:<\/strong> \u00abLa gesti\u00f3n fue realizada y acompa\u00f1ada por el socio Juli\u00e1n \u00c1lvarez, candidato a Intendente de Lan\u00fas. Gracias por el apoyo incondicional\u00bb, destac\u00f3 la entidad.<\/p>\n<p><img loading=\"lazy\" decoding=\"async\" class=\"size-medium wp-image-12074 alignleft\" src=\"https:\/\/www.visionweb.com.ar\/wp-content\/uploads\/2023\/10\/talleres-predio-ezeiza-2-300x230.png\" alt=\"\" width=\"300\" height=\"230\" srcset=\"https:\/\/www.visionweb.com.ar\/wp-content\/uploads\/2023\/10\/talleres-predio-ezeiza-2-300x230.png 300w, https:\/\/www.visionweb.com.ar\/wp-content\/uploads\/2023\/10\/talleres-predio-ezeiza-2.png 317w\" sizes=\"auto, (max-width: 300px) 100vw, 300px\" \/>El predio se encuentra ubicado detr\u00e1s del\u00a0<strong>Centro At\u00f3mico de Ezeiza<\/strong>\u00a0y all\u00ed la idea de Talleres es realizar el centro destinado al f\u00fatbol amateur, para que entrenen y juegan las Divisiones Inferiores de la instituci\u00f3n. Aunque por ahora, hay que esperar el plan de obra.<\/p>\n<p>Cabe destacar que en los \u00faltimos a\u00f1os,\u00a0<a href=\"http:\/\/www.talleres.org.ar\/\">Talleres<\/a>\u00a0avanz\u00f3 con la construcci\u00f3n de la extensi\u00f3n de la platea del\u00a0<strong>estadio Pablo Comelli<\/strong>\u00a0y la realizaci\u00f3n de los palcos.<\/p>\n<p>Actualmente se avanza en la ampliaci\u00f3n de la tribuna lateral llamada<strong>\u00a0Germ\u00e1n Denis<\/strong>, la que est\u00e1 enfrente de la platea\u00a0<strong>Javier Zanetti<\/strong>.<\/p>\n<p>\u201cTalleres m\u00e1s vivo que nunca y lleno de \u00e9xitos Hacemos cada vez m\u00e1s grande esta historia de 117 a\u00f1os\u201d, cierra el mensaje posteado en la red social X (antes Twitter).<\/p>\n<p>El\u00a0<a href=\"https:\/\/twitter.com\/ClubTalleresOk\">club de Escalada<\/a>, viene de consagrarse campe\u00f3n en el Torneo Clausura de Primera B, y competir\u00e1 en la final por el ascenso a la Primera Nacional con<strong>\u00a0<\/strong>San Miguel. <strong>(VW)<\/strong><\/p>\n","protected":false},"excerpt":{"rendered":"<p>Anunci\u00f3 que har\u00e1 una obra muy importante en 6 hect\u00e1reas que la Agencia de Administraci\u00f3n de Bienes del Estado les cedi\u00f3 en guarda. El predio ser\u00e1 destinado al f\u00fatbol amateur, y entrenamiento de las&#46;&#46;&#46;<\/p>\n","protected":false},"author":4,"featured_media":12074,"comment_status":"closed","ping_status":"closed","sticky":false,"template":"","format":"standard","meta":{"_monsterinsights_skip_tracking":false,"_monsterinsights_sitenote_active":false,"_monsterinsights_sitenote_note":"","_monsterinsights_sitenote_category":0,"footnotes":""},"categories":[8],"tags":[2822,5024,5023,864],"class_list":["post-12071","post","type-post","status-publish","format-standard","has-post-thumbnail","hentry","category-interes-general","tag-club-talleres","tag-osvaldo-fernandez","tag-predio-en-ezeiza","tag-remedios-de-escalada"],"_links":{"self":[{"href":"https:\/\/www.visionweb.com.ar\/index.php?rest_route=\/wp\/v2\/posts\/12071","targetHints":{"allow":["GET"]}}],"collection":[{"href":"https:\/\/www.visionweb.com.ar\/index.php?rest_route=\/wp\/v2\/posts"}],"about":[{"href":"https:\/\/www.visionweb.com.ar\/index.php?rest_route=\/wp\/v2\/types\/post"}],"author":[{"embeddable":true,"href":"https:\/\/www.visionweb.com.ar\/index.php?rest_route=\/wp\/v2\/users\/4"}],"replies":[{"embeddable":true,"href":"https:\/\/www.visionweb.com.ar\/index.php?rest_route=%2Fwp%2Fv2%2Fcomments&post=12071"}],"version-history":[{"count":1,"href":"https:\/\/www.visionweb.com.ar\/index.php?rest_route=\/wp\/v2\/posts\/12071\/revisions"}],"predecessor-version":[{"id":12075,"href":"https:\/\/www.visionweb.com.ar\/index.php?rest_route=\/wp\/v2\/posts\/12071\/revisions\/12075"}],"wp:featuredmedia":[{"embeddable":true,"href":"https:\/\/www.visionweb.com.ar\/index.php?rest_route=\/wp\/v2\/media\/12074"}],"wp:attachment":[{"href":"https:\/\/www.visionweb.com.ar\/index.php?rest_route=%2Fwp%2Fv2%2Fmedia&parent=12071"}],"wp:term":[{"taxonomy":"category","embeddable":true,"href":"https:\/\/www.visionweb.com.ar\/index.php?rest_route=%2Fwp%2Fv2%2Fcategories&post=12071"},{"taxonomy":"post_tag","embeddable":true,"href":"https:\/\/www.visionweb.com.ar\/index.php?rest_route=%2Fwp%2Fv2%2Ftags&post=12071"}],"curies":[{"name":"wp","href":"https:\/\/api.w.org\/{rel}","templated":true}]}}