{"id":12061,"date":"2023-10-04T15:58:46","date_gmt":"2023-10-04T18:58:46","guid":{"rendered":"https:\/\/www.visionweb.com.ar\/?p=12061"},"modified":"2023-10-04T15:58:46","modified_gmt":"2023-10-04T18:58:46","slug":"grindetti-presento-los-principales-ejes-de-su-reforma-electoral","status":"publish","type":"post","link":"https:\/\/www.visionweb.com.ar\/?p=12061","title":{"rendered":"Grindetti present\u00f3 los principales ejes de su reforma electoral"},"content":{"rendered":"<p><em><strong>La propuesta del candiato a gobernador de Juntos por el Cambio, incluye tambi\u00e9n una reforma pol\u00edtica\u00a0 para la provincia de Buenos Aires.<\/strong><\/em> <!--more--><\/p>\n<p><img loading=\"lazy\" decoding=\"async\" class=\"size-medium wp-image-12062 alignright\" src=\"https:\/\/www.visionweb.com.ar\/wp-content\/uploads\/2023\/10\/ALVAREZ-GRINDETTI-REFORMA-300x168.jpeg\" alt=\"\" width=\"300\" height=\"168\" srcset=\"https:\/\/www.visionweb.com.ar\/wp-content\/uploads\/2023\/10\/ALVAREZ-GRINDETTI-REFORMA-300x168.jpeg 300w, https:\/\/www.visionweb.com.ar\/wp-content\/uploads\/2023\/10\/ALVAREZ-GRINDETTI-REFORMA.jpeg 640w\" sizes=\"auto, (max-width: 300px) 100vw, 300px\" \/>Acompa\u00f1ado de su candidato a vicegobernador, Miguel Fern\u00e1ndez, firm\u00f3 un compromiso que incluye 10 acciones y medidas de gobierno para avanzar en reformas del Estado, pol\u00edticas y electorales para la provincia de Buenos Aires durante \u00e9l per\u00edodo 2023-2027.<\/p>\n<p>En el marco de la convulsi\u00f3n pol\u00edtica que gener\u00f3 la difusi\u00f3n de fotograf\u00edas y videos que mostraban a Mart\u00edn Insaurralde ahora ex jefe de Gabinete de Axel Kicillof a bordo de un yate de lujo, junto a una famosa modelo por las costas del mar Mediterr\u00e1neo, el candidato a Gobernador de Juntos por el Cambio, N\u00e9stor Grindetti, present\u00f3 10 compromisos de gesti\u00f3n que abarcan la reducci\u00f3n de cargos pol\u00edticos en la legislatura bonaerense, ministerios y una significativa baja del gasto publico.<\/p>\n<p>En ese marco, cuestion\u00f3 la l\u00f3gica de la apropiaci\u00f3n de los bienes p\u00fablicos por parte del oficialismo y remarc\u00f3 la necesidad de sancionar esas conductas.<\/p>\n<p>\u00abEn el kirchnerismo piensan \u00abel Estado es m\u00edo\u00bb y as\u00ed hacen fiestas en Olivos, vacunatorio vip, festival de cargos p\u00fablicos, los bolsos de L\u00f3pez , L\u00e1zaro B\u00e1ez , esto muestra una matriz de comportamiento y de corrupci\u00f3n. Hay que repudiar e investigar a fondo el caso Insaurralde\u00bb.<\/p>\n<p>Por otra parte, asever\u00f3 que la inflaci\u00f3n es lo que preocupa a la gente y consider\u00f3 es resultado de \u201cuna econom\u00eda que est\u00e1 descontrolada\u201d.<\/p>\n<p>\u201cNo me sorprende el precio del d\u00f3lar porque no se est\u00e1 haciendo nada para que no suba pero el problema de origen es que todos los d\u00edas aumentan los alimentos. Y los que recorremos los barrios, vemos como sufre la gente\u00bb, manifest\u00f3.<\/p>\n<p>Al respecto, Fern\u00e1ndez agreg\u00f3: \u201cJunto a N\u00e9stor, venimos trabajando en un programa de medidas que se pueden aplicar en el corto plazo. La Provincia necesita un mayor nivel de autonom\u00eda municipal, descentralizaci\u00f3n regional y recursos genuinos en los territorios porque los intendentes son los que conocen los problemas en el territorio\u201d.<\/p>\n<p>Uno de los principales puntos del documento est\u00e1 ligado al desdoblamiento de las elecciones nacionales y provinciales. Esta reforma permitir\u00e1 a los vecinos enfocar la discusi\u00f3n en temas locales, conocer con mayor detalle las propuestas de cada espacio pol\u00edtico y efectuar reclamos puntuales en caso de incumplimiento de promesas de campa\u00f1a.<\/p>\n<p>Adem\u00e1s, propone una significativa reducci\u00f3n de la legislatura que ir\u00e1 de 138 a 80 legisladores y el requisito de \u201cFicha Limpia\u201d para que las personas que decidan presentarse como candidatos y tengan una condena no puedan presentarse aunque a\u00fan no est\u00e9 firme.<\/p>\n<p>El proyecto de reforma de la pol\u00edtica y del Estado de la Provincia incluye los siguientes \u00edtems:<\/p>\n<p>&#8211; Boleta \u00danica Papel.<br \/>\n-Elecci\u00f3n aut\u00f3noma de las autoridades provinciales y municipales de la provincia de Buenos Aires.<br \/>\n-Ficha limpia.<br \/>\n-Reforma Pol\u00edtica.<br \/>\n-Legislatura Unicameral: de 138 a 80 legisladores.<br \/>\n-Ley de Ministerios: Reducci\u00f3n de 20 Ministerios a 10.<br \/>\n-Eliminaci\u00f3n de Jefatura de asesores y reducci\u00f3n de cargos pol\u00edticos: de 1700 a 900.<br \/>\n-Autonom\u00eda y descentralizaci\u00f3n de gesti\u00f3n de salud, seguridad y educaci\u00f3n en los municipios.<br \/>\n&#8211; Reformulaci\u00f3n de la coparticipaci\u00f3n municipal, para evitar la transferencia discrecional de fondos.<br \/>\n-Elevaci\u00f3n de pliegos al Senado para nombramiento de cargos vacantes de jueces<br \/>\n-Modernizaci\u00f3n, digitalizaci\u00f3n administrativa y mejora de los organismos de control<strong>(VW)<\/strong>.<\/p>\n","protected":false},"excerpt":{"rendered":"<p>La propuesta del candiato a gobernador de Juntos por el Cambio, incluye tambi\u00e9n una reforma pol\u00edtica\u00a0 para la provincia de Buenos Aires.<\/p>\n","protected":false},"author":3,"featured_media":12062,"comment_status":"closed","ping_status":"closed","sticky":false,"template":"","format":"standard","meta":{"_monsterinsights_skip_tracking":false,"_monsterinsights_sitenote_active":false,"_monsterinsights_sitenote_note":"","_monsterinsights_sitenote_category":0,"footnotes":""},"categories":[4],"tags":[1929,872,3912,1048],"class_list":["post-12061","post","type-post","status-publish","format-standard","has-post-thumbnail","hentry","category-politica","tag-constitucion","tag-legislatura","tag-politica","tag-reforma"],"_links":{"self":[{"href":"https:\/\/www.visionweb.com.ar\/index.php?rest_route=\/wp\/v2\/posts\/12061","targetHints":{"allow":["GET"]}}],"collection":[{"href":"https:\/\/www.visionweb.com.ar\/index.php?rest_route=\/wp\/v2\/posts"}],"about":[{"href":"https:\/\/www.visionweb.com.ar\/index.php?rest_route=\/wp\/v2\/types\/post"}],"author":[{"embeddable":true,"href":"https:\/\/www.visionweb.com.ar\/index.php?rest_route=\/wp\/v2\/users\/3"}],"replies":[{"embeddable":true,"href":"https:\/\/www.visionweb.com.ar\/index.php?rest_route=%2Fwp%2Fv2%2Fcomments&post=12061"}],"version-history":[{"count":1,"href":"https:\/\/www.visionweb.com.ar\/index.php?rest_route=\/wp\/v2\/posts\/12061\/revisions"}],"predecessor-version":[{"id":12063,"href":"https:\/\/www.visionweb.com.ar\/index.php?rest_route=\/wp\/v2\/posts\/12061\/revisions\/12063"}],"wp:featuredmedia":[{"embeddable":true,"href":"https:\/\/www.visionweb.com.ar\/index.php?rest_route=\/wp\/v2\/media\/12062"}],"wp:attachment":[{"href":"https:\/\/www.visionweb.com.ar\/index.php?rest_route=%2Fwp%2Fv2%2Fmedia&parent=12061"}],"wp:term":[{"taxonomy":"category","embeddable":true,"href":"https:\/\/www.visionweb.com.ar\/index.php?rest_route=%2Fwp%2Fv2%2Fcategories&post=12061"},{"taxonomy":"post_tag","embeddable":true,"href":"https:\/\/www.visionweb.com.ar\/index.php?rest_route=%2Fwp%2Fv2%2Ftags&post=12061"}],"curies":[{"name":"wp","href":"https:\/\/api.w.org\/{rel}","templated":true}]}}