{"id":12058,"date":"2023-10-04T15:40:05","date_gmt":"2023-10-04T18:40:05","guid":{"rendered":"https:\/\/www.visionweb.com.ar\/?p=12058"},"modified":"2023-10-04T15:40:05","modified_gmt":"2023-10-04T18:40:05","slug":"femeba-preocupacion-de-medico-bonaerenses-por-el-deterioro-de-la-salud","status":"publish","type":"post","link":"https:\/\/www.visionweb.com.ar\/?p=12058","title":{"rendered":"Femeba: Preocupaci\u00f3n de m\u00e9dico bonaerenses por el deterioro de la salud"},"content":{"rendered":"<p><em><strong>La Femeba emiti\u00f3 un comunicado en el que sostuvo que hospitales los est\u00e1n \u201ccarentes de la infraestructura adecuada\u201d y que hay una \u201cdesvalorizaci\u00f3n del trabajo m\u00e9dico\u201d.<\/strong><\/em><!--more--><\/p>\n<div id=\"attachment_12059\" style=\"width: 310px\" class=\"wp-caption alignright\"><img loading=\"lazy\" decoding=\"async\" aria-describedby=\"caption-attachment-12059\" class=\"wp-image-12059 size-medium\" src=\"https:\/\/www.visionweb.com.ar\/wp-content\/uploads\/2023\/10\/HOSPITALES-PUBLICOS-300x155.png\" alt=\"\" width=\"300\" height=\"155\" srcset=\"https:\/\/www.visionweb.com.ar\/wp-content\/uploads\/2023\/10\/HOSPITALES-PUBLICOS-300x155.png 300w, https:\/\/www.visionweb.com.ar\/wp-content\/uploads\/2023\/10\/HOSPITALES-PUBLICOS.png 640w\" sizes=\"auto, (max-width: 300px) 100vw, 300px\" \/><p id=\"caption-attachment-12059\" class=\"wp-caption-text\"><strong><em>La FEMEBA advirti\u00f3 sobre el deterioro de la salud en la provincia de Buenos Aires (Foto: Archivo VW)<\/em> <\/strong><\/p><\/div>\n<p>La Federaci\u00f3n M\u00e9dica de la provincia de Buenos Aires (Femeba) manifest\u00f3 su \u201cpreocupaci\u00f3n por el grave deterioro\u201d del sistema de salud, al se\u00f1alar que los hospitales est\u00e1n \u201ccarentes de la infraestructura adecuada\u201d y que hay una \u201cdesvalorizaci\u00f3n del trabajo m\u00e9dico\u201d.<\/p>\n<p>La Entidad en el comunicado que emiti\u00f3 en las \u00faltimas horas asegur\u00f3 que: \u201cLos m\u00e9dicos de la Provincia de Buenos Aires queremos manifestar nuestra preocupaci\u00f3n por el grave deterioro de la salud de nuestro pueblo\u201d..<\/p>\n<p>Desde la Femeba se\u00f1alaron que existe \u201cun sistema p\u00fablico de atenci\u00f3n con hospitales carentes de la infraestructura adecuada para las necesidades actuales, donde el deterioro edilicio y la falta de complejidad hacen que no se pueda dar respuesta acorde y de calidad a nuestros pacientes\u201d, consign\u00f3 el escrito.<\/p>\n<p>\u201cLa desvalorizaci\u00f3n del trabajo m\u00e9dico, puesta de manifiesto a trav\u00e9s de los bajos salarios, condiciones laborales precarias, falta de profesionales para cubrir guardias de emergencias y la crisis por falta de especialidades b\u00e1sicas, son el corolario de tanto desatino\u201d, agregaron.<\/p>\n<p>La federaci\u00f3n advirti\u00f3 tambi\u00e9n que\u00a0 \u201cEl Sistema de la Seguridad Social, con el IOMA como exponente principal por las abultadas deudas con sus prestadores, junto al resto de las obras sociales y empresas de medicina prepaga, se suman al descalabro con sus magros honorarios\u201d.<\/p>\n<p>La Femeba tambi\u00e9n se refiri\u00f3 al \u201cincumplimiento de anuncios publicados por IOMA en el reconocimiento de cobertura 100% sobre medicamentos esenciales\u201d. Y se\u00f1al\u00f3 que \u201clos valores de prestaci\u00f3n desactualizados para cl\u00ednicas y sanatorios, dejan desfinanciadas a estas instituciones privadas, lugar de trabajo de un valioso recurso humano de salud\u201d.<\/p>\n<p>\u201cPor todo esto, peticionamos ante nuestras autoridades para que asuman su responsabilidad y reviertan el constante deterioro que viene sufriendo el sistema de salud como fruto de su desidia e incapacidad, y que solo deja como resultado, trabajadores de la salud y pacientes insatisfechos\u201d, finaliza el comunicado de la entidad<strong>(VW)<\/strong>.<\/p>\n","protected":false},"excerpt":{"rendered":"<p>La Femeba emiti\u00f3 un comunicado en el que sostuvo que hospitales los est\u00e1n \u201ccarentes de la infraestructura adecuada\u201d y que hay una \u201cdesvalorizaci\u00f3n del trabajo m\u00e9dico\u201d.<\/p>\n","protected":false},"author":3,"featured_media":12059,"comment_status":"closed","ping_status":"closed","sticky":false,"template":"","format":"standard","meta":{"_monsterinsights_skip_tracking":false,"_monsterinsights_sitenote_active":false,"_monsterinsights_sitenote_note":"","_monsterinsights_sitenote_category":0,"footnotes":""},"categories":[8,5],"tags":[4605,291,677,5017],"class_list":["post-12058","post","type-post","status-publish","format-standard","has-post-thumbnail","hentry","category-interes-general","category-sociedad","tag-femeba","tag-hospitales","tag-medicos","tag-publicos"],"_links":{"self":[{"href":"https:\/\/www.visionweb.com.ar\/index.php?rest_route=\/wp\/v2\/posts\/12058","targetHints":{"allow":["GET"]}}],"collection":[{"href":"https:\/\/www.visionweb.com.ar\/index.php?rest_route=\/wp\/v2\/posts"}],"about":[{"href":"https:\/\/www.visionweb.com.ar\/index.php?rest_route=\/wp\/v2\/types\/post"}],"author":[{"embeddable":true,"href":"https:\/\/www.visionweb.com.ar\/index.php?rest_route=\/wp\/v2\/users\/3"}],"replies":[{"embeddable":true,"href":"https:\/\/www.visionweb.com.ar\/index.php?rest_route=%2Fwp%2Fv2%2Fcomments&post=12058"}],"version-history":[{"count":1,"href":"https:\/\/www.visionweb.com.ar\/index.php?rest_route=\/wp\/v2\/posts\/12058\/revisions"}],"predecessor-version":[{"id":12060,"href":"https:\/\/www.visionweb.com.ar\/index.php?rest_route=\/wp\/v2\/posts\/12058\/revisions\/12060"}],"wp:featuredmedia":[{"embeddable":true,"href":"https:\/\/www.visionweb.com.ar\/index.php?rest_route=\/wp\/v2\/media\/12059"}],"wp:attachment":[{"href":"https:\/\/www.visionweb.com.ar\/index.php?rest_route=%2Fwp%2Fv2%2Fmedia&parent=12058"}],"wp:term":[{"taxonomy":"category","embeddable":true,"href":"https:\/\/www.visionweb.com.ar\/index.php?rest_route=%2Fwp%2Fv2%2Fcategories&post=12058"},{"taxonomy":"post_tag","embeddable":true,"href":"https:\/\/www.visionweb.com.ar\/index.php?rest_route=%2Fwp%2Fv2%2Ftags&post=12058"}],"curies":[{"name":"wp","href":"https:\/\/api.w.org\/{rel}","templated":true}]}}