{"id":12054,"date":"2023-10-04T15:14:01","date_gmt":"2023-10-04T18:14:01","guid":{"rendered":"https:\/\/www.visionweb.com.ar\/?p=12054"},"modified":"2023-10-04T15:14:24","modified_gmt":"2023-10-04T18:14:24","slug":"kravetz-expuso-sobre-su-propuesta-para-la-seguridad-en-el-distrito","status":"publish","type":"post","link":"https:\/\/www.visionweb.com.ar\/?p=12054","title":{"rendered":"Kravetz expuso sobre su propuesta para la seguridad en el distrito"},"content":{"rendered":"<p><em><strong>Fue durante una presentaci\u00f3n moderada por la\u00a0 presidenta de la fundaci\u00f3n Pensar, especializada en el dise\u00f1o en planes de gobierno y pol\u00edticas p\u00fablicas.<\/strong><\/em>\u00a0 <!--more--><\/p>\n<div id=\"attachment_12055\" style=\"width: 310px\" class=\"wp-caption alignright\"><img loading=\"lazy\" decoding=\"async\" aria-describedby=\"caption-attachment-12055\" class=\"wp-image-12055 size-medium\" src=\"https:\/\/www.visionweb.com.ar\/wp-content\/uploads\/2023\/10\/POLITICAS-DE-SEGURIDAD-300x201.jpeg\" alt=\"\" width=\"300\" height=\"201\" srcset=\"https:\/\/www.visionweb.com.ar\/wp-content\/uploads\/2023\/10\/POLITICAS-DE-SEGURIDAD-300x201.jpeg 300w, https:\/\/www.visionweb.com.ar\/wp-content\/uploads\/2023\/10\/POLITICAS-DE-SEGURIDAD.jpeg 640w\" sizes=\"auto, (max-width: 300px) 100vw, 300px\" \/><p id=\"caption-attachment-12055\" class=\"wp-caption-text\"><em><strong>El intendente Diego Kr\u00e1vetz y la periodista Silvina Mart\u00ednez en la presentaci\u00f3n de las pol\u00edticas de seguridad (Prensa Municipio de Lan\u00fas)<\/strong><\/em><\/p><\/div>\n<p>El intendente interino de Lan\u00fas, Diego Kravetz, analiz\u00f3 la situaci\u00f3n actual de las fuerzas de seguridad, el estado de las leyes, las c\u00e1rceles y la Justicia, entre otros temas.<\/p>\n<p>Kravetz hizo la evaluaci\u00f3n de los temas de seguridad durante una presentaci\u00f3n que hizo este martes en el sal\u00f3n Sunal Eventos, ubicado en Lan\u00fas oeste.<\/p>\n<p>La presentaci\u00f3n se hizo bajo la forma de un reportaje que llevo adelante la periodista\u00a0 Silvina Mart\u00ednez,\u00a0 presidenta de la Fundaci\u00f3n Pensar, abogada que dise\u00f1a planes de gobierno y pol\u00edticas p\u00fablicas.<\/p>\n<p>Asimismo, en ese contexto, enfatiz\u00f3 sobre la necesidad de recuperar la potestad de la Polic\u00eda Local, que actualmente forma parte la \u00f3rbita del Gobierno de la Provincia.<\/p>\n<p>Luego, los participantes pudieron hacer consultas y expresar inquietudes. La charla se realiz\u00f3 en el sal\u00f3n Sunal Eventos (Lan\u00fas Oeste) y estuvo centrada en cuestiones relacionadas a la seguridad.<\/p>\n<p>Adem\u00e1s, el candidato a intendente de Lan\u00fas responsabiliz\u00f3 a la Justicia de la liberaci\u00f3n inmediata de las personas que delinquen. \u00abHay fiscales que trabajan bien y otros no tanto. A veces sentimos que hacemos un gran esfuerzo que parece en vano por la decisi\u00f3n de aquellos que deciden liberar a los delincuentes\u00bb.<\/p>\n<p>En esa direcci\u00f3n aclar\u00f3 que: \u00abNuestro trabajo es brindarle seguridad a los vecinos y para eso necesitamos de un trabajo mancomunado con los gobiernos nacionales y provinciales. Esperemos que en la pr\u00f3xima gesti\u00f3n lo logremos con Juntos por el Cambio\u00bb.<\/p>\n<p>A su vez, Silvina Mart\u00ednez,\u00a0 expres\u00f3: \u201cArgentina necesita un plan de seguridad s\u00f3lido para reparar la tierra arrasada que nos deja el kirchnerismo\u00bb, y destac\u00f3: \u201c Vamos a valernos de las fuerzas armadas y a combatir a delincuentes, narcos y corruptos de todo el pa\u00eds\u201d.<\/p>\n<p>La charla de la Fundaci\u00f3n Pensar en Lan\u00fas, se enmarca dentro de una serie de encuentros mano a mano, en los que Mart\u00ednez entrevista a expertos y referentes de diversas \u00e1reas tem\u00e1ticas sobre las principales propuestas y planes de gobierno que impulsa Juntos por el Cambio.<\/p>\n<p>Esta serie de eventos continuar\u00e1 durante los pr\u00f3ximos d\u00edas en Mar del Plata, Rosario, Chubut, Chaco, Mendoza y C\u00f3rdoba<strong>(VW)<\/strong>.<\/p>\n<p>&nbsp;<\/p>\n","protected":false},"excerpt":{"rendered":"<p>Fue durante una presentaci\u00f3n moderada por la\u00a0 presidenta de la fundaci\u00f3n Pensar, especializada en el dise\u00f1o en planes de gobierno y pol\u00edticas p\u00fablicas.\u00a0<\/p>\n","protected":false},"author":3,"featured_media":12055,"comment_status":"closed","ping_status":"closed","sticky":false,"template":"","format":"standard","meta":{"_monsterinsights_skip_tracking":false,"_monsterinsights_sitenote_active":false,"_monsterinsights_sitenote_note":"","_monsterinsights_sitenote_category":0,"footnotes":""},"categories":[4],"tags":[4823,5016,4080,529],"class_list":["post-12054","post","type-post","status-publish","format-standard","has-post-thumbnail","hentry","category-politica","tag-fiscales","tag-fudacion-pensar","tag-narcotrafico","tag-seguridad"],"_links":{"self":[{"href":"https:\/\/www.visionweb.com.ar\/index.php?rest_route=\/wp\/v2\/posts\/12054","targetHints":{"allow":["GET"]}}],"collection":[{"href":"https:\/\/www.visionweb.com.ar\/index.php?rest_route=\/wp\/v2\/posts"}],"about":[{"href":"https:\/\/www.visionweb.com.ar\/index.php?rest_route=\/wp\/v2\/types\/post"}],"author":[{"embeddable":true,"href":"https:\/\/www.visionweb.com.ar\/index.php?rest_route=\/wp\/v2\/users\/3"}],"replies":[{"embeddable":true,"href":"https:\/\/www.visionweb.com.ar\/index.php?rest_route=%2Fwp%2Fv2%2Fcomments&post=12054"}],"version-history":[{"count":2,"href":"https:\/\/www.visionweb.com.ar\/index.php?rest_route=\/wp\/v2\/posts\/12054\/revisions"}],"predecessor-version":[{"id":12057,"href":"https:\/\/www.visionweb.com.ar\/index.php?rest_route=\/wp\/v2\/posts\/12054\/revisions\/12057"}],"wp:featuredmedia":[{"embeddable":true,"href":"https:\/\/www.visionweb.com.ar\/index.php?rest_route=\/wp\/v2\/media\/12055"}],"wp:attachment":[{"href":"https:\/\/www.visionweb.com.ar\/index.php?rest_route=%2Fwp%2Fv2%2Fmedia&parent=12054"}],"wp:term":[{"taxonomy":"category","embeddable":true,"href":"https:\/\/www.visionweb.com.ar\/index.php?rest_route=%2Fwp%2Fv2%2Fcategories&post=12054"},{"taxonomy":"post_tag","embeddable":true,"href":"https:\/\/www.visionweb.com.ar\/index.php?rest_route=%2Fwp%2Fv2%2Ftags&post=12054"}],"curies":[{"name":"wp","href":"https:\/\/api.w.org\/{rel}","templated":true}]}}