{"id":12048,"date":"2023-10-04T13:37:57","date_gmt":"2023-10-04T16:37:57","guid":{"rendered":"https:\/\/www.visionweb.com.ar\/?p=12048"},"modified":"2023-10-04T13:37:57","modified_gmt":"2023-10-04T16:37:57","slug":"la-corte-suprema-cerro-definitivamente-la-causa-por-la-fiesta-de-olivos-durante-la-cuarentena","status":"publish","type":"post","link":"https:\/\/www.visionweb.com.ar\/?p=12048","title":{"rendered":"La Corte Suprema cerr\u00f3 definitivamente la causa por la \u201cFiesta de Olivos\u201d durante la cuarentena"},"content":{"rendered":"<p><em><strong>Qued\u00f3 firme el acuerdo de \u00abreparaci\u00f3n integral del da\u00f1o\u00bb por el cual el presidente, Alberto Fern\u00e1ndez y su esposa pagaron tres millones de pesos destinados a\u00a0entidades p\u00fablicas vinculadas con la salud.<\/strong><\/em><!--more--><\/p>\n<div id=\"attachment_12049\" style=\"width: 310px\" class=\"wp-caption alignright\"><img loading=\"lazy\" decoding=\"async\" aria-describedby=\"caption-attachment-12049\" class=\"wp-image-12049 size-medium\" src=\"https:\/\/www.visionweb.com.ar\/wp-content\/uploads\/2023\/10\/fiesta-en-olivos-300x147.png\" alt=\"\" width=\"300\" height=\"147\" srcset=\"https:\/\/www.visionweb.com.ar\/wp-content\/uploads\/2023\/10\/fiesta-en-olivos-300x147.png 300w, https:\/\/www.visionweb.com.ar\/wp-content\/uploads\/2023\/10\/fiesta-en-olivos.png 522w\" sizes=\"auto, (max-width: 300px) 100vw, 300px\" \/><p id=\"caption-attachment-12049\" class=\"wp-caption-text\">La fiesta que se celebr\u00f3 en la Quinta Presidencial de Olivos en medio del aislamiento riguroso de la cuarentena. Foto de archivo<\/p><\/div>\n<p><strong>\u00a0\u00a0 L<\/strong>a\u00a0<strong>Corte Suprema<\/strong>\u00a0cerr\u00f3 definitivamente la causa judicial iniciada a ra\u00edz de la celebraci\u00f3n del\u00a0<strong>cumplea\u00f1os de la primera dama, Fabiola Y\u00e1\u00f1ez<\/strong>, en la Quinta Presidencial de Olivos, en la etapa m\u00e1s severa del aislamiento obligatorio por la pandemia de\u00a0<strong>Covid-19.<\/strong><\/p>\n<p>El m\u00e1ximo tribunal rechaz\u00f3 el \u00faltimo intento de una ONG que apel\u00f3 el\u00a0<strong>\u201cacuerdo de conciliaci\u00f3n\u201d<\/strong>\u00a0al que arribaron todos los asistentes a la celebraci\u00f3n, entre ellos el propio presidente Alberto Fern\u00e1ndez.<\/p>\n<p>Cabe recordar, que la<strong> celebraci\u00f3n\u00a0fue el 14 de julio de 2020, cuando las medidas de aislamiento eran plenas,\u00a0<\/strong>y se conoci\u00f3 p\u00fablicamente esa reuni\u00f3n por la filtraci\u00f3n de fotos de ese d\u00eda.<\/p>\n<p>A la fecha de hoy, la Corte, por unanimidad, declar\u00f3\u00a0<strong>\u201cinadmisible\u201d<\/strong>\u00a0un recurso de la\u00a0<strong>Asociaci\u00f3n Civil Republicana para la Justicia<\/strong>, que objetaba ese acuerdo de conciliaci\u00f3n que cerraba el caso.<\/p>\n<p>En representaci\u00f3n de las asociaci\u00f3n, el abogado Fernando Irazu buscaba\u00a0ser aceptado como \u201c<strong>particular ofendido<\/strong>\u201d y denunci\u00f3 penalmente a Alberto Fern\u00e1ndez por <strong>considerarlo responsable \u00abde los\u00a0delitos contra la salud p\u00fablica y abuso de autoridad e incumplimiento de los deberes de funcionario en el contexto de las obligaciones impuestas durante el Aislamiento y\/o Distanciamiento Social, Preventivo y Obligatorio, dictadas por el propio Fern\u00e1ndez<\/strong> a trav\u00e9s de sucesivos decretos de necesidad y urgencia\u201d.<\/p>\n<p>Esa misma pretensi\u00f3n hab\u00eda sido rechazada en todas las instancias anteriores, y ahora la Corte Suprema adopt\u00f3 id\u00e9ntico criterio, por lo que al no haber qui\u00e9n apele el acuerdo que exoner\u00f3 de responsabilidad penal a los imputados, el fallo qued\u00f3 firme.<\/p>\n<p>Alberto Fern\u00e1ndez, y su mujer, Fabiola Y\u00e1\u00f1ez, acordaron una\u00a0<strong>\u201creparaci\u00f3n integral del da\u00f1o\u201d<\/strong>\u00a0causado por el festejo del cumplea\u00f1os.<\/p>\n<p>El acuerdo implic\u00f3 el desembolso de\u00a0<strong>unos tres millones de pesos\u00a0<\/strong>en concepto de \u201creparaci\u00f3n del da\u00f1o\u201d destinados a\u00a0<strong>entidades p\u00fablicas vinculadas con la salud.<\/strong><\/p>\n<p>En octubre del a\u00f1o pasado, la C\u00e1mara Federal de Casaci\u00f3n ya se hab\u00eda pronunciado sobre la \u201cinadmisibilidad\u201d del planteo de los pretensos querellantes, para objetar sea reparaci\u00f3n econ\u00f3mica. <strong>(VW)<\/strong><\/p>\n","protected":false},"excerpt":{"rendered":"<p>Qued\u00f3 firme el acuerdo de \u00abreparaci\u00f3n integral del da\u00f1o\u00bb por el cual el presidente, Alberto Fern\u00e1ndez y su esposa pagaron tres millones de pesos destinados a\u00a0entidades p\u00fablicas vinculadas con la salud.<\/p>\n","protected":false},"author":4,"featured_media":12049,"comment_status":"closed","ping_status":"closed","sticky":false,"template":"","format":"standard","meta":{"_monsterinsights_skip_tracking":false,"_monsterinsights_sitenote_active":false,"_monsterinsights_sitenote_note":"","_monsterinsights_sitenote_category":0,"footnotes":""},"categories":[8],"tags":[5013,5014,697,635],"class_list":["post-12048","post","type-post","status-publish","format-standard","has-post-thumbnail","hentry","category-interes-general","tag-fiesta-en-olivos","tag-causa-cerrada","tag-corte-suprema","tag-cuarentena"],"_links":{"self":[{"href":"https:\/\/www.visionweb.com.ar\/index.php?rest_route=\/wp\/v2\/posts\/12048","targetHints":{"allow":["GET"]}}],"collection":[{"href":"https:\/\/www.visionweb.com.ar\/index.php?rest_route=\/wp\/v2\/posts"}],"about":[{"href":"https:\/\/www.visionweb.com.ar\/index.php?rest_route=\/wp\/v2\/types\/post"}],"author":[{"embeddable":true,"href":"https:\/\/www.visionweb.com.ar\/index.php?rest_route=\/wp\/v2\/users\/4"}],"replies":[{"embeddable":true,"href":"https:\/\/www.visionweb.com.ar\/index.php?rest_route=%2Fwp%2Fv2%2Fcomments&post=12048"}],"version-history":[{"count":1,"href":"https:\/\/www.visionweb.com.ar\/index.php?rest_route=\/wp\/v2\/posts\/12048\/revisions"}],"predecessor-version":[{"id":12050,"href":"https:\/\/www.visionweb.com.ar\/index.php?rest_route=\/wp\/v2\/posts\/12048\/revisions\/12050"}],"wp:featuredmedia":[{"embeddable":true,"href":"https:\/\/www.visionweb.com.ar\/index.php?rest_route=\/wp\/v2\/media\/12049"}],"wp:attachment":[{"href":"https:\/\/www.visionweb.com.ar\/index.php?rest_route=%2Fwp%2Fv2%2Fmedia&parent=12048"}],"wp:term":[{"taxonomy":"category","embeddable":true,"href":"https:\/\/www.visionweb.com.ar\/index.php?rest_route=%2Fwp%2Fv2%2Fcategories&post=12048"},{"taxonomy":"post_tag","embeddable":true,"href":"https:\/\/www.visionweb.com.ar\/index.php?rest_route=%2Fwp%2Fv2%2Ftags&post=12048"}],"curies":[{"name":"wp","href":"https:\/\/api.w.org\/{rel}","templated":true}]}}