{"id":12042,"date":"2023-10-04T13:03:27","date_gmt":"2023-10-04T16:03:27","guid":{"rendered":"https:\/\/www.visionweb.com.ar\/?p=12042"},"modified":"2023-10-04T13:06:40","modified_gmt":"2023-10-04T16:06:40","slug":"elecciones-generales-union-por-la-patria-oficializo-sus-candidatos-a-concejales-en-lomas-de-zamora","status":"publish","type":"post","link":"https:\/\/www.visionweb.com.ar\/?p=12042","title":{"rendered":"Elecciones generales: Uni\u00f3n por la Patria oficializ\u00f3 sus candidatos a concejales en Lomas de Zamora"},"content":{"rendered":"<p><em><strong>Finalmente ser\u00e1 Marina Lesci, la actual intendenta interina de Lomas, quien qued\u00f3 como primera postulante a concejal, luego de la renuncia de Insaurralde.<\/strong><\/em><!--more--><\/p>\n<p><strong><img loading=\"lazy\" decoding=\"async\" class=\"size-medium wp-image-12046 alignright\" src=\"https:\/\/www.visionweb.com.ar\/wp-content\/uploads\/2023\/10\/Lesci-e-Insaurralde-300x250.png\" alt=\"\" width=\"300\" height=\"250\" srcset=\"https:\/\/www.visionweb.com.ar\/wp-content\/uploads\/2023\/10\/Lesci-e-Insaurralde-300x250.png 300w, https:\/\/www.visionweb.com.ar\/wp-content\/uploads\/2023\/10\/Lesci-e-Insaurralde.png 378w\" sizes=\"auto, (max-width: 300px) 100vw, 300px\" \/>\u00a0\u00a0 S<\/strong>e oficializ\u00f3 ayer la nueva lista de candidatos de\u00a0<strong>Uni\u00f3n por la Patria<\/strong>\u00a0de Lomas de Zamora ante la Junta Electoral de la Provincia de Buenos Aires, en la que Marina Lesci, actual intendente interina, ser\u00e1 la primera postulante para una banca en el Concejo Deliberante.<\/p>\n<p>Esta lista lleva como candidato a intendente al presidente de la C\u00e1mara de Diputados bonaerense, Federico Oterm\u00edn.<\/p>\n<p>Despu\u00e9s de la victoria de Uni\u00f3n por la Patria en\u00a0<strong>las elecciones primarias, abiertas, simult\u00e1neas y obligatorias (PASO)<\/strong>, la\u00a0<strong>Junta Electoral<\/strong>\u00a0hab\u00eda publicado las cuatro n\u00f3minas que competir\u00edan el pr\u00f3ximo 22 de octubre.<\/p>\n<p>Ahora, frente a la forzada renuncia de Mart\u00edn Insaurralde luego del esc\u00e1ndalo de p\u00fablico conocimiento, debi\u00f3 actualizarse la lista de UxP que competir\u00e1 en las pr\u00f3ximas elecciones generales contra los postulantes del Frente de Izquierda y Trabajadores Unidad (FITU), Juntos por el Cambio (JxC) y La Libertad Avanza (LLA).<\/p>\n<p>Cabe recordar que la renuncia de Insaurralde a su postulaci\u00f3n en Lomas como concejal fue su segunda dimisi\u00f3n, tras su salida de la administraci\u00f3n que conduce Axel Kicillof.<\/p>\n<p>Mientras tanto, Lesci contin\u00faa en ejercicio de la intendencia interina de Lomas de Zamora desde que Insaurralde pidi\u00f3 licencia para asumir como jefe de Gabinete de la Provincia de Buenos Aires, poco despu\u00e9s de la dura derrota que sufri\u00f3 el oficialismo en las elecciones intermedias de 2021. <strong>(VW)<\/strong><\/p>\n","protected":false},"excerpt":{"rendered":"<p>Finalmente ser\u00e1 Marina Lesci, la actual intendenta interina de Lomas, quien qued\u00f3 como primera postulante a concejal, luego de la renuncia de Insaurralde.<\/p>\n","protected":false},"author":4,"featured_media":12046,"comment_status":"closed","ping_status":"closed","sticky":false,"template":"","format":"standard","meta":{"_monsterinsights_skip_tracking":false,"_monsterinsights_sitenote_active":false,"_monsterinsights_sitenote_note":"","_monsterinsights_sitenote_category":0,"footnotes":""},"categories":[4],"tags":[340,318,5012,3186,5011],"class_list":["post-12042","post","type-post","status-publish","format-standard","has-post-thumbnail","hentry","category-politica","tag-elecciones","tag-lomas-de-zamora","tag-marina-lesci","tag-martin-insaurralde","tag-oficializaron-lista-de-candidatos"],"_links":{"self":[{"href":"https:\/\/www.visionweb.com.ar\/index.php?rest_route=\/wp\/v2\/posts\/12042","targetHints":{"allow":["GET"]}}],"collection":[{"href":"https:\/\/www.visionweb.com.ar\/index.php?rest_route=\/wp\/v2\/posts"}],"about":[{"href":"https:\/\/www.visionweb.com.ar\/index.php?rest_route=\/wp\/v2\/types\/post"}],"author":[{"embeddable":true,"href":"https:\/\/www.visionweb.com.ar\/index.php?rest_route=\/wp\/v2\/users\/4"}],"replies":[{"embeddable":true,"href":"https:\/\/www.visionweb.com.ar\/index.php?rest_route=%2Fwp%2Fv2%2Fcomments&post=12042"}],"version-history":[{"count":3,"href":"https:\/\/www.visionweb.com.ar\/index.php?rest_route=\/wp\/v2\/posts\/12042\/revisions"}],"predecessor-version":[{"id":12047,"href":"https:\/\/www.visionweb.com.ar\/index.php?rest_route=\/wp\/v2\/posts\/12042\/revisions\/12047"}],"wp:featuredmedia":[{"embeddable":true,"href":"https:\/\/www.visionweb.com.ar\/index.php?rest_route=\/wp\/v2\/media\/12046"}],"wp:attachment":[{"href":"https:\/\/www.visionweb.com.ar\/index.php?rest_route=%2Fwp%2Fv2%2Fmedia&parent=12042"}],"wp:term":[{"taxonomy":"category","embeddable":true,"href":"https:\/\/www.visionweb.com.ar\/index.php?rest_route=%2Fwp%2Fv2%2Fcategories&post=12042"},{"taxonomy":"post_tag","embeddable":true,"href":"https:\/\/www.visionweb.com.ar\/index.php?rest_route=%2Fwp%2Fv2%2Ftags&post=12042"}],"curies":[{"name":"wp","href":"https:\/\/api.w.org\/{rel}","templated":true}]}}