{"id":12039,"date":"2023-10-04T12:26:58","date_gmt":"2023-10-04T15:26:58","guid":{"rendered":"https:\/\/www.visionweb.com.ar\/?p=12039"},"modified":"2023-10-04T12:26:58","modified_gmt":"2023-10-04T15:26:58","slug":"lanus-se-inauguro-la-muestra-fotografica-florecer","status":"publish","type":"post","link":"https:\/\/www.visionweb.com.ar\/?p=12039","title":{"rendered":"Lan\u00fas:\u00a0Se inaugur\u00f3 la muestra fotogr\u00e1fica Florecer"},"content":{"rendered":"<p><em><strong>Es en el Museo Hist\u00f3rico Juan Pi\u00f1eiro y estar\u00e1 abierta hasta el 10 de noviembre, con una impecable propuesta art\u00edstica que re\u00fane fotos in\u00e9ditas tomadas por profesionales, seleccionadas sobre un total de 300 trabajos.<\/strong><\/em><!--more--><\/p>\n<p><strong><img loading=\"lazy\" decoding=\"async\" class=\"size-medium wp-image-12040 alignright\" src=\"https:\/\/www.visionweb.com.ar\/wp-content\/uploads\/2023\/10\/muestra-pintura-lanus-300x300.jpg\" alt=\"\" width=\"300\" height=\"300\" srcset=\"https:\/\/www.visionweb.com.ar\/wp-content\/uploads\/2023\/10\/muestra-pintura-lanus-300x300.jpg 300w, https:\/\/www.visionweb.com.ar\/wp-content\/uploads\/2023\/10\/muestra-pintura-lanus-150x150.jpg 150w, https:\/\/www.visionweb.com.ar\/wp-content\/uploads\/2023\/10\/muestra-pintura-lanus-80x80.jpg 80w, https:\/\/www.visionweb.com.ar\/wp-content\/uploads\/2023\/10\/muestra-pintura-lanus-320x320.jpg 320w, https:\/\/www.visionweb.com.ar\/wp-content\/uploads\/2023\/10\/muestra-pintura-lanus-65x65.jpg 65w, https:\/\/www.visionweb.com.ar\/wp-content\/uploads\/2023\/10\/muestra-pintura-lanus.jpg 425w\" sizes=\"auto, (max-width: 300px) 100vw, 300px\" \/>\u00a0 \u00a0E<\/strong>l Municipio de Lan\u00fas inaugur\u00f3 la muestra exhibici\u00f3n de im\u00e1genes Florecer, que refleja distintos momentos de primavera, y permanecer\u00e1 abierta al p\u00fablico hasta el\u00a0<strong>10 de noviembre<\/strong>.<\/p>\n<p>podr\u00e1 visitarse de manera libre y gratuita de\u00a0<strong>lunes a viernes<\/strong>\u00a0de\u00a0<strong>9 a 15 horas<\/strong>\u00a0en el Museo Hist\u00f3rico Juan Pi\u00f1eiro, ubicado en Melo 2877 de Lan\u00fas Oeste, conforme precis\u00f3 Prensa de la Comuna.<\/p>\n<p>La propuesta art\u00edstica re\u00fane una selecci\u00f3n de fotos in\u00e9ditas tomadas por profesionales, estudiantes y amateurs en el marco de un concurso hom\u00f3nimo organizado por el \u00e1rea de Cultura.<\/p>\n<p>Los documentos captan el instante en que diversas plantas o \u00e1rboles comienzan su proceso de transformaci\u00f3n con el cambio de estaci\u00f3n.<\/p>\n<p>En cuanto a su contenido, est\u00e1 conformada por 30 im\u00e1genes tomadas con c\u00e1maras anal\u00f3gicas o digitales.<\/p>\n<p>La clasificaci\u00f3n estuvo a cargo de un jurado compuesto por los fot\u00f3grafos Marcela Gabbiani, Melody Abreg\u00fa y Pablo Ben\u00edtez, quienes seleccionaron el material sobre un total de 300 documentos presentados. <strong>(VW)<\/strong><\/p>\n","protected":false},"excerpt":{"rendered":"<p>Es en el Museo Hist\u00f3rico Juan Pi\u00f1eiro y estar\u00e1 abierta hasta el 10 de noviembre, con una impecable propuesta art\u00edstica que re\u00fane fotos in\u00e9ditas tomadas por profesionales, seleccionadas sobre un total de 300 trabajos.<\/p>\n","protected":false},"author":4,"featured_media":12040,"comment_status":"closed","ping_status":"closed","sticky":false,"template":"","format":"standard","meta":{"_monsterinsights_skip_tracking":false,"_monsterinsights_sitenote_active":false,"_monsterinsights_sitenote_note":"","_monsterinsights_sitenote_category":0,"footnotes":""},"categories":[8],"tags":[19,5010,5009],"class_list":["post-12039","post","type-post","status-publish","format-standard","has-post-thumbnail","hentry","category-interes-general","tag-lanus","tag-muestra-fotografica-florecer","tag-museo-pineyro"],"_links":{"self":[{"href":"https:\/\/www.visionweb.com.ar\/index.php?rest_route=\/wp\/v2\/posts\/12039","targetHints":{"allow":["GET"]}}],"collection":[{"href":"https:\/\/www.visionweb.com.ar\/index.php?rest_route=\/wp\/v2\/posts"}],"about":[{"href":"https:\/\/www.visionweb.com.ar\/index.php?rest_route=\/wp\/v2\/types\/post"}],"author":[{"embeddable":true,"href":"https:\/\/www.visionweb.com.ar\/index.php?rest_route=\/wp\/v2\/users\/4"}],"replies":[{"embeddable":true,"href":"https:\/\/www.visionweb.com.ar\/index.php?rest_route=%2Fwp%2Fv2%2Fcomments&post=12039"}],"version-history":[{"count":1,"href":"https:\/\/www.visionweb.com.ar\/index.php?rest_route=\/wp\/v2\/posts\/12039\/revisions"}],"predecessor-version":[{"id":12041,"href":"https:\/\/www.visionweb.com.ar\/index.php?rest_route=\/wp\/v2\/posts\/12039\/revisions\/12041"}],"wp:featuredmedia":[{"embeddable":true,"href":"https:\/\/www.visionweb.com.ar\/index.php?rest_route=\/wp\/v2\/media\/12040"}],"wp:attachment":[{"href":"https:\/\/www.visionweb.com.ar\/index.php?rest_route=%2Fwp%2Fv2%2Fmedia&parent=12039"}],"wp:term":[{"taxonomy":"category","embeddable":true,"href":"https:\/\/www.visionweb.com.ar\/index.php?rest_route=%2Fwp%2Fv2%2Fcategories&post=12039"},{"taxonomy":"post_tag","embeddable":true,"href":"https:\/\/www.visionweb.com.ar\/index.php?rest_route=%2Fwp%2Fv2%2Ftags&post=12039"}],"curies":[{"name":"wp","href":"https:\/\/api.w.org\/{rel}","templated":true}]}}