{"id":12031,"date":"2023-10-03T10:45:20","date_gmt":"2023-10-03T13:45:20","guid":{"rendered":"https:\/\/www.visionweb.com.ar\/?p=12031"},"modified":"2023-10-03T10:45:20","modified_gmt":"2023-10-03T13:45:20","slug":"se-sumaron-tres-intendentes-mas-al-pedido-de-fondos-para-pagar-el-bono-dispuesto-por-massa","status":"publish","type":"post","link":"https:\/\/www.visionweb.com.ar\/?p=12031","title":{"rendered":"Se sumaron tres intendentes m\u00e1s al pedido de fondos para pagar el bono dispuesto por Massa"},"content":{"rendered":"<p><em><strong>El 54% del total de los intendentes bonaerenses se sumaron al pedido . Si bien en su mayor\u00eda se trata de intendentes oficialistas, tambi\u00e9n se plegaron muchos de Juntos y del vecinalismo.<\/strong><\/em><!--more--><\/p>\n<p><img loading=\"lazy\" decoding=\"async\" class=\"size-medium wp-image-9397 alignleft\" src=\"https:\/\/www.visionweb.com.ar\/wp-content\/uploads\/2023\/02\/MASSA-300x169.png\" alt=\"\" width=\"300\" height=\"169\" srcset=\"https:\/\/www.visionweb.com.ar\/wp-content\/uploads\/2023\/02\/MASSA-300x169.png 300w, https:\/\/www.visionweb.com.ar\/wp-content\/uploads\/2023\/02\/MASSA-768x432.png 768w, https:\/\/www.visionweb.com.ar\/wp-content\/uploads\/2023\/02\/MASSA.png 800w\" sizes=\"auto, (max-width: 300px) 100vw, 300px\" \/>Un total de 73 intendentes se sumaron al pedido de ayuda del Fondo Especial\u00a0 para que los municipios puedan pagar las sumas fijas de hasta $ 60.000, a los trabajadores municipales.<\/p>\n<p>En las \u00faltimas horas se sumaron tres nuevos intendentes que firmaron ante la Provincia el pedido formal para poder pagar ese plus a los trabajadores, con lo que ya llegan a 73 los alcaldes que tomaron ese camino.<\/p>\n<p>Este lunes, los intendentes que pusieron la firma ante el ministro de Hacienda y Finanzas bonaerense, Pablo L\u00f3pez, fueron Mayra Mendoza, de Quilmes; Carlos Ferraris, de Leonardo N. Alem; y Hern\u00e1n Ralinqueo, de 25 de Mayo, consign\u00f3 la agencia DIB.<\/p>\n<p>Con la adhesi\u00f3n al Fondo Especial de Asignaciones Extraordinarias Salariales de los tres alcaldes de UxP, ya son 73 de 135 los distritos que solicitaron la asistencia financiera para el bono extraordinario. Es decir, el 54% del total. Si bien en su mayor\u00eda se trata de intendentes oficialistas, tambi\u00e9n se plegaron muchos de Juntos y del vecinalismo.<\/p>\n<p>\u201cDesde el inicio de nuestra gesti\u00f3n, guiados por Axel Kicillof trabajamos coordinadamente con los municipios para dar respuesta a las necesidades concretas de las y los bonaerenses. Seguimos derecho al futuro\u201d, sostuvo L\u00f3pez luego de rubricar los nuevos convenios.<\/p>\n<p>Cabe recordar que en medio de la pol\u00e9mica que gener\u00f3 la medida anunciada por el ministro de Econom\u00eda Sergio Massa, varios jefes comunales ya hab\u00edan pagado la suma fija, mientras que otros, en general opositores, cuestionaron el plus y le pidieron dinero a Kicillof.<\/p>\n<p>Es por eso que el gobernador cre\u00f3 un fondo por $ 4.000 millones, que podr\u00e1 ser ampliado hasta $ 8.000 millones.<\/p>\n<p>Los montos otorgados a los municipios, se inform\u00f3, deber\u00e1n ser reintegrados a la Provincia en noviembre o diciembre de 2023 y no devengar\u00e1n intereses ni gastos administrativos de ninguna \u00edndole.<\/p>\n<p>Sobre este punto hab\u00edan presentado quejas los intendentes opositores, quienes reclamaban que esos fondos no tuvieran que ser devueltos a la Provincia, algo que fue rechazado<strong>(VW)<\/strong>.<\/p>\n","protected":false},"excerpt":{"rendered":"<p>El 54% del total de los intendentes bonaerenses se sumaron al pedido . Si bien en su mayor\u00eda se trata de intendentes oficialistas, tambi\u00e9n se plegaron muchos de Juntos y del vecinalismo.<\/p>\n","protected":false},"author":3,"featured_media":9397,"comment_status":"closed","ping_status":"closed","sticky":false,"template":"","format":"standard","meta":{"_monsterinsights_skip_tracking":false,"_monsterinsights_sitenote_active":false,"_monsterinsights_sitenote_note":"","_monsterinsights_sitenote_category":0,"footnotes":""},"categories":[4],"tags":[1248,264,3912,2242],"class_list":["post-12031","post","type-post","status-publish","format-standard","has-post-thumbnail","hentry","category-politica","tag-bono","tag-intendentes","tag-politica","tag-refuerzo"],"_links":{"self":[{"href":"https:\/\/www.visionweb.com.ar\/index.php?rest_route=\/wp\/v2\/posts\/12031","targetHints":{"allow":["GET"]}}],"collection":[{"href":"https:\/\/www.visionweb.com.ar\/index.php?rest_route=\/wp\/v2\/posts"}],"about":[{"href":"https:\/\/www.visionweb.com.ar\/index.php?rest_route=\/wp\/v2\/types\/post"}],"author":[{"embeddable":true,"href":"https:\/\/www.visionweb.com.ar\/index.php?rest_route=\/wp\/v2\/users\/3"}],"replies":[{"embeddable":true,"href":"https:\/\/www.visionweb.com.ar\/index.php?rest_route=%2Fwp%2Fv2%2Fcomments&post=12031"}],"version-history":[{"count":1,"href":"https:\/\/www.visionweb.com.ar\/index.php?rest_route=\/wp\/v2\/posts\/12031\/revisions"}],"predecessor-version":[{"id":12032,"href":"https:\/\/www.visionweb.com.ar\/index.php?rest_route=\/wp\/v2\/posts\/12031\/revisions\/12032"}],"wp:featuredmedia":[{"embeddable":true,"href":"https:\/\/www.visionweb.com.ar\/index.php?rest_route=\/wp\/v2\/media\/9397"}],"wp:attachment":[{"href":"https:\/\/www.visionweb.com.ar\/index.php?rest_route=%2Fwp%2Fv2%2Fmedia&parent=12031"}],"wp:term":[{"taxonomy":"category","embeddable":true,"href":"https:\/\/www.visionweb.com.ar\/index.php?rest_route=%2Fwp%2Fv2%2Fcategories&post=12031"},{"taxonomy":"post_tag","embeddable":true,"href":"https:\/\/www.visionweb.com.ar\/index.php?rest_route=%2Fwp%2Fv2%2Ftags&post=12031"}],"curies":[{"name":"wp","href":"https:\/\/api.w.org\/{rel}","templated":true}]}}