{"id":12024,"date":"2023-10-02T19:02:51","date_gmt":"2023-10-02T22:02:51","guid":{"rendered":"https:\/\/www.visionweb.com.ar\/?p=12024"},"modified":"2023-10-02T19:02:51","modified_gmt":"2023-10-02T22:02:51","slug":"grindetti-y-kravetz-participaron-de-los-festejos-del-79-aniversario-de-la-autonomia-de-lanus","status":"publish","type":"post","link":"https:\/\/www.visionweb.com.ar\/?p=12024","title":{"rendered":"Grindetti y Kravetz participaron de los festejos del 79 aniversario de la autonom\u00eda de Lan\u00fas"},"content":{"rendered":"<p><em><strong>Fue un festejo multitudinario que se realiz\u00f3 en el Vel\u00f3dromo municipal. M\u00e1s de 3.000 personas disfrutaron de una tarde de espect\u00e1culos, gastronom\u00eda y feria de artesan\u00edas.<\/strong><\/em>\u00a0 <!--more--><\/p>\n<p><img loading=\"lazy\" decoding=\"async\" class=\"size-medium wp-image-12025 alignleft\" src=\"https:\/\/www.visionweb.com.ar\/wp-content\/uploads\/2023\/10\/ANIVERSARIO-300x201.jpeg\" alt=\"\" width=\"300\" height=\"201\" srcset=\"https:\/\/www.visionweb.com.ar\/wp-content\/uploads\/2023\/10\/ANIVERSARIO-300x201.jpeg 300w, https:\/\/www.visionweb.com.ar\/wp-content\/uploads\/2023\/10\/ANIVERSARIO.jpeg 640w\" sizes=\"auto, (max-width: 300px) 100vw, 300px\" \/>Con la participaci\u00f3n de m\u00e1s de 3.000 vecinos de Lan\u00fas, el jefe comunal, en uso de licencia, N\u00e9stor Grindetti y el intendente interino Diego Kravetz, fueron protagonistas de los festejos para recordar los 79 a\u00f1os de la autonom\u00eda Lan\u00fas, que se realizaron este s\u00e1bado en el Veldr\u00f3mo municipal, ubicado en C\u00f3rdoba y Purita, en la parte Este de la ciudad.<\/p>\n<p>Los vecinos que concurrieron a la celebraci\u00f3n que comenz\u00f3 el s\u00e1bado al mediod\u00eda, pudieron disfrutar de\u00a0 de una tarde de espect\u00e1culos, gastronom\u00eda y feria de artesan\u00edas que culmin\u00f3 con los recitales de Sobra Milonga y Los Pericos.<\/p>\n<p>\u201cEs una alegr\u00eda enorme estar aqu\u00ed para festejar un nuevo aniversario de nuestro querido distrito. Estoy muy orgulloso por la transformaci\u00f3n que hemos logrado. Seguimos trabajando para mejorar la calidad de vida de todos los vecinos y estoy seguro de que Diego profundizar\u00e1 ese camino\u201d, remarc\u00f3 Grindetti.<\/p>\n<p>Por su parte, Kravetz agreg\u00f3: \u201cSabemos que a\u00fan hay muchas cosas por hacer y tenemos un gran equipo para encarar esa tarea. Hoy es un d\u00eda de celebraci\u00f3n y nos alegra poder compartirlo con tanta gente querida\u201d.<\/p>\n<p>Durante los festejos, los vecinos se acercaron al parque para disfrutar de un d\u00eda al aire libre que cont\u00f3 con diferentes propuestas que incluyeron los cl\u00e1sicos foodtrucks y stands de emprendedores locales. M\u00e1s tarde, la reconocida banda oriunda de Lan\u00fas, Sobra Milonga toc\u00f3 algunos de sus \u00e9xitos y luego Los Pericos cerraron la celebraci\u00f3n con un espect\u00e1culo en vivo<strong>(VW)<\/strong>.<\/p>\n","protected":false},"excerpt":{"rendered":"<p>Fue un festejo multitudinario que se realiz\u00f3 en el Vel\u00f3dromo municipal. M\u00e1s de 3.000 personas disfrutaron de una tarde de espect\u00e1culos, gastronom\u00eda y feria de artesan\u00edas.\u00a0<\/p>\n","protected":false},"author":3,"featured_media":12025,"comment_status":"closed","ping_status":"closed","sticky":false,"template":"","format":"standard","meta":{"_monsterinsights_skip_tracking":false,"_monsterinsights_sitenote_active":false,"_monsterinsights_sitenote_note":"","_monsterinsights_sitenote_category":0,"footnotes":""},"categories":[8],"tags":[92,3319,19,1443],"class_list":["post-12024","post","type-post","status-publish","format-standard","has-post-thumbnail","hentry","category-interes-general","tag-aniversario","tag-festejos","tag-lanus","tag-velodromo"],"_links":{"self":[{"href":"https:\/\/www.visionweb.com.ar\/index.php?rest_route=\/wp\/v2\/posts\/12024","targetHints":{"allow":["GET"]}}],"collection":[{"href":"https:\/\/www.visionweb.com.ar\/index.php?rest_route=\/wp\/v2\/posts"}],"about":[{"href":"https:\/\/www.visionweb.com.ar\/index.php?rest_route=\/wp\/v2\/types\/post"}],"author":[{"embeddable":true,"href":"https:\/\/www.visionweb.com.ar\/index.php?rest_route=\/wp\/v2\/users\/3"}],"replies":[{"embeddable":true,"href":"https:\/\/www.visionweb.com.ar\/index.php?rest_route=%2Fwp%2Fv2%2Fcomments&post=12024"}],"version-history":[{"count":1,"href":"https:\/\/www.visionweb.com.ar\/index.php?rest_route=\/wp\/v2\/posts\/12024\/revisions"}],"predecessor-version":[{"id":12026,"href":"https:\/\/www.visionweb.com.ar\/index.php?rest_route=\/wp\/v2\/posts\/12024\/revisions\/12026"}],"wp:featuredmedia":[{"embeddable":true,"href":"https:\/\/www.visionweb.com.ar\/index.php?rest_route=\/wp\/v2\/media\/12025"}],"wp:attachment":[{"href":"https:\/\/www.visionweb.com.ar\/index.php?rest_route=%2Fwp%2Fv2%2Fmedia&parent=12024"}],"wp:term":[{"taxonomy":"category","embeddable":true,"href":"https:\/\/www.visionweb.com.ar\/index.php?rest_route=%2Fwp%2Fv2%2Fcategories&post=12024"},{"taxonomy":"post_tag","embeddable":true,"href":"https:\/\/www.visionweb.com.ar\/index.php?rest_route=%2Fwp%2Fv2%2Ftags&post=12024"}],"curies":[{"name":"wp","href":"https:\/\/api.w.org\/{rel}","templated":true}]}}