{"id":12014,"date":"2023-10-02T11:46:19","date_gmt":"2023-10-02T14:46:19","guid":{"rendered":"https:\/\/www.visionweb.com.ar\/?p=12014"},"modified":"2023-10-02T11:46:19","modified_gmt":"2023-10-02T14:46:19","slug":"insaurralde-tambien-renuncio-a-su-candidatura-como-concejal-de-lomas-de-zamora","status":"publish","type":"post","link":"https:\/\/www.visionweb.com.ar\/?p=12014","title":{"rendered":"Insaurralde\u00a0tambi\u00e9n renunci\u00f3 a su candidatura como concejal de Lomas de Zamora"},"content":{"rendered":"<p><em><strong>Luego del esc\u00e1ndalo conocido por su suntuoso viaje a Espa\u00f1a, y tras las denuncias de enriquecimiento il\u00edcito, declin\u00f3 a su candidatura como concejal local.<\/strong><\/em><!--more--><\/p>\n<p><strong><img loading=\"lazy\" decoding=\"async\" class=\"size-medium wp-image-12015 alignright\" src=\"https:\/\/www.visionweb.com.ar\/wp-content\/uploads\/2023\/10\/Insaurralde-300x197.png\" alt=\"\" width=\"300\" height=\"197\" srcset=\"https:\/\/www.visionweb.com.ar\/wp-content\/uploads\/2023\/10\/Insaurralde-300x197.png 300w, https:\/\/www.visionweb.com.ar\/wp-content\/uploads\/2023\/10\/Insaurralde.png 493w\" sizes=\"auto, (max-width: 300px) 100vw, 300px\" \/>\u00a0 \u00a0A <\/strong>20 d\u00edas de las elecciones genenrales, el ya ex jefe de Gabinete de la provincia de Buenos Aires\u00a0<strong>Mart\u00edn Insaurralde\u00a0tambi\u00e9n present\u00f3 su renuncia como candidato a concejal de Lomas de Zamora<\/strong>, que encabezaba en la n\u00f3mina de Federico Oterm\u00edn, candidato a intendente de Uni\u00f3n por la Patria.<\/p>\n<p>La renuncia se conoci\u00f3 luego de que\u00a0el candidato a president por Uni\u00f3n por la Patria, Sergio Massa planteara que deber\u00eda declinar a su candidatura a concejal en Lomas de Zamora, luego de presentar su dimisi\u00f3n como jefe de Gabinete de la provincia de Buenos Aires.\u00a0<strong>\u201cCometi\u00f3 un grave error, renunci\u00f3 y tiene que renunciar a la candidatura tambi\u00e9n en Lomas\u201d de Zamora<\/strong>, dijo Massa.<\/p>\n<p><strong>Cabe recordar que el gobernador bonaerense, Axel Kicillof, acept\u00f3 ayer domingo la renuncia de Insaurralde como jefe de Gabinete bonaerense despu\u00e9s de que se conociera p\u00fablicamente un viaje<\/strong>\u00a0que el ahora exfuncionario hizo junto a la modelo Sofia Clerici a Marbella, Espa\u00f1a. (Ver nota: <a href=\"https:\/\/www.visionweb.com.ar\/?p=12007\">https:\/\/www.visionweb.com.ar\/?p=12007<\/a>).<\/p>\n<p>\u201cH<strong>e decidido tambi\u00e9n enviar a la Legislatura Provincial un proyecto de ley donde disponemos disolver la Jefatura de Gabinete de Ministros<\/strong>, cuyas funciones sustantivas ser\u00e1n absorbidas por otros ministerios\u201d, se\u00f1al\u00f3 el gobernador a trav\u00e9s de las redes sociales.<\/p>\n<p>Las im\u00e1genes difundidas por Clerici desataron la furia de la oposici\u00f3n y generaron cr\u00edticas al interior de Uni\u00f3n por la Patria. Adem\u00e1s, derivaron en\u00a0<strong>denuncias por enriquecimiento il\u00edcito,<\/strong>\u00a0que lograron que el intendente interino de Lomas de Zamora y Jefe de Gabinete de la Provincia renunciara a sus cargos y postulaciones. <strong>(VW)<\/strong><\/p>\n","protected":false},"excerpt":{"rendered":"<p>Luego del esc\u00e1ndalo conocido por su suntuoso viaje a Espa\u00f1a, y tras las denuncias de enriquecimiento il\u00edcito, declin\u00f3 a su candidatura como concejal local.<\/p>\n","protected":false},"author":4,"featured_media":12015,"comment_status":"closed","ping_status":"closed","sticky":false,"template":"","format":"standard","meta":{"_monsterinsights_skip_tracking":false,"_monsterinsights_sitenote_active":false,"_monsterinsights_sitenote_note":"","_monsterinsights_sitenote_category":0,"footnotes":""},"categories":[4],"tags":[5002,481,318,3186,5001],"class_list":["post-12014","post","type-post","status-publish","format-standard","has-post-thumbnail","hentry","category-politica","tag-enrriquecimiento-ilicito","tag-escandalo","tag-lomas-de-zamora","tag-martin-insaurralde","tag-renuncio-a-su-candidatura-a-concejal"],"_links":{"self":[{"href":"https:\/\/www.visionweb.com.ar\/index.php?rest_route=\/wp\/v2\/posts\/12014","targetHints":{"allow":["GET"]}}],"collection":[{"href":"https:\/\/www.visionweb.com.ar\/index.php?rest_route=\/wp\/v2\/posts"}],"about":[{"href":"https:\/\/www.visionweb.com.ar\/index.php?rest_route=\/wp\/v2\/types\/post"}],"author":[{"embeddable":true,"href":"https:\/\/www.visionweb.com.ar\/index.php?rest_route=\/wp\/v2\/users\/4"}],"replies":[{"embeddable":true,"href":"https:\/\/www.visionweb.com.ar\/index.php?rest_route=%2Fwp%2Fv2%2Fcomments&post=12014"}],"version-history":[{"count":1,"href":"https:\/\/www.visionweb.com.ar\/index.php?rest_route=\/wp\/v2\/posts\/12014\/revisions"}],"predecessor-version":[{"id":12016,"href":"https:\/\/www.visionweb.com.ar\/index.php?rest_route=\/wp\/v2\/posts\/12014\/revisions\/12016"}],"wp:featuredmedia":[{"embeddable":true,"href":"https:\/\/www.visionweb.com.ar\/index.php?rest_route=\/wp\/v2\/media\/12015"}],"wp:attachment":[{"href":"https:\/\/www.visionweb.com.ar\/index.php?rest_route=%2Fwp%2Fv2%2Fmedia&parent=12014"}],"wp:term":[{"taxonomy":"category","embeddable":true,"href":"https:\/\/www.visionweb.com.ar\/index.php?rest_route=%2Fwp%2Fv2%2Fcategories&post=12014"},{"taxonomy":"post_tag","embeddable":true,"href":"https:\/\/www.visionweb.com.ar\/index.php?rest_route=%2Fwp%2Fv2%2Ftags&post=12014"}],"curies":[{"name":"wp","href":"https:\/\/api.w.org\/{rel}","templated":true}]}}