{"id":12009,"date":"2023-10-02T10:37:59","date_gmt":"2023-10-02T13:37:59","guid":{"rendered":"https:\/\/www.visionweb.com.ar\/?p=12009"},"modified":"2023-10-02T10:37:59","modified_gmt":"2023-10-02T13:37:59","slug":"otro-paro-de-48-horas-en-las-escuelas-bonaerenses","status":"publish","type":"post","link":"https:\/\/www.visionweb.com.ar\/?p=12009","title":{"rendered":"Otro paro de 48 horas en las escuelas bonaerenses"},"content":{"rendered":"<p><em><strong>La organizaci\u00f3n Multicolor del SUTEBA anunci\u00f3 un nuevo paro de actividades en escuelas p\u00fablicas de toda la Provincia de Buenos Aires para martes y mi\u00e9rcoles.<\/strong><\/em><!--more--><\/p>\n<p><img loading=\"lazy\" decoding=\"async\" class=\"size-medium wp-image-11711 alignright\" src=\"https:\/\/www.visionweb.com.ar\/wp-content\/uploads\/2023\/09\/aula-vacia-300x152.png\" alt=\"\" width=\"300\" height=\"152\" srcset=\"https:\/\/www.visionweb.com.ar\/wp-content\/uploads\/2023\/09\/aula-vacia-300x152.png 300w, https:\/\/www.visionweb.com.ar\/wp-content\/uploads\/2023\/09\/aula-vacia.png 479w\" sizes=\"auto, (max-width: 300px) 100vw, 300px\" \/>\u00a0 <strong>E<\/strong>l sindicato docente\u00a0<strong>SUTEBA<\/strong>\u00a0que conduce la organizaci\u00f3n Multicolor anunci\u00f3 un\u00a0<strong>paro<\/strong>\u00a0de actividades para ma\u00f1ana martes 3 y mi\u00e9rcoles 4 de octubre. Complicar\u00e1 la actividad educativa de toda la provincia de Buenos Aires. \u00bfQu\u00e9 reclaman?<\/p>\n<p>En un encuentro provincial el gremio\u00a0<strong>decidi\u00f3 \u00abcontinuar la lucha contra el ajuste del gobierno, el FMI y las amenazas de la derecha\u00bb<\/strong>, y a pesar del aumento salarial que recibieron en septiembre <strong>el pliego de reivindicaciones que difundieron pide la reapertura de las paritarias<\/strong>.<\/p>\n<p>Cabe mencionar que la dirigencia gremial opositora a\u00a0<strong>Roberto Baradel<\/strong>\u00a0realiza paros en las escuelas casi todos los meses en este ciclo lectivo 2023.<\/p>\n<p><strong>El cese de actividades de la Multicolor est\u00e1 convocado en todo el territorio bonaerense, <\/strong>y le pide<strong> a Baradel<\/strong>\u00a0 que \u00abconvoque urgentemente a asambleas en toda la Provincia para resolver medidas a seguir\u00bb.<\/p>\n<p><strong>El Pliego de reivindicaciones del SUTEBA Multicolor:<\/strong><\/p>\n<ul>\n<li>Reapertura de las paritarias y un\u00a0<strong>salario igual a la canasta familiar<\/strong>\u00a0en el cargo de PR, indexado mensualmente por inflaci\u00f3n.<\/li>\n<li>En defensa de la escuela p\u00fablica y gratuita.<\/li>\n<li>En defensa de una educaci\u00f3n sexual integral, laica, cient\u00edfica y con perspectiva de g\u00e9nero.<\/li>\n<li>No a las escuelas\u00a0<strong>voucher<\/strong>\u00a0ni a la privatizaci\u00f3n del sistema educativo.<\/li>\n<li>No a las reformas antieducativas como la\u00a0<strong>5ta hora<\/strong>.<\/li>\n<li>Construcci\u00f3n de escuelas y aulas necesarias.<\/li>\n<li>Universalizaci\u00f3n y ampliaci\u00f3n del SAE, provisi\u00f3n de viandas a las escuelas que no tienen comedor.<\/li>\n<li>Creaci\u00f3n de todos los cargos faltantes.<\/li>\n<li>Defensa del IPS, basta de atraso jubilatorio.<\/li>\n<li>Defensa del Estatuto Docente.<\/li>\n<li>Defensa de las FOBAs, estabilidad laboral para todes les trabajadores precarizades.<\/li>\n<li>Defensa del IOMA, plenas prestaciones sin copagos.<\/li>\n<li>Respeto al derecho a huelga, no a las faltas injustificadas.<\/li>\n<li>Aumento de emergencia para todes les trabajadores, jubilades, becas, asignaciones familiares y programas sociales. Por un ingreso de emergencia para trabajadores informales. Ning\u00fan trabajador\/a debajo de la canasta familiar.<\/li>\n<li>No al pago de la deuda usuraria y del pacto con el FMI. Aumento del presupuesto educativo ya.<\/li>\n<\/ul>\n<p>Tambi\u00e9n piden que las centrales obreras (las CTA y la CGT) convoquen a un paro nacional \u00abcontra el ajuste, por el salario y por todas las demandas del pueblo\u00bb. <strong>(VW)<\/strong><\/p>\n","protected":false},"excerpt":{"rendered":"<p>La organizaci\u00f3n Multicolor del SUTEBA anunci\u00f3 un nuevo paro de actividades en escuelas p\u00fablicas de toda la Provincia de Buenos Aires para martes y mi\u00e9rcoles.<\/p>\n","protected":false},"author":4,"featured_media":11711,"comment_status":"closed","ping_status":"closed","sticky":false,"template":"","format":"standard","meta":{"_monsterinsights_skip_tracking":false,"_monsterinsights_sitenote_active":false,"_monsterinsights_sitenote_note":"","_monsterinsights_sitenote_category":0,"footnotes":""},"categories":[7,4],"tags":[4996,4997,4995],"class_list":["post-12009","post","type-post","status-publish","format-standard","has-post-thumbnail","hentry","category-educacion-y-cultura","category-politica","tag-paro-octubre","tag-sin-clases-bonaerenses","tag-suteba-multicolor"],"_links":{"self":[{"href":"https:\/\/www.visionweb.com.ar\/index.php?rest_route=\/wp\/v2\/posts\/12009","targetHints":{"allow":["GET"]}}],"collection":[{"href":"https:\/\/www.visionweb.com.ar\/index.php?rest_route=\/wp\/v2\/posts"}],"about":[{"href":"https:\/\/www.visionweb.com.ar\/index.php?rest_route=\/wp\/v2\/types\/post"}],"author":[{"embeddable":true,"href":"https:\/\/www.visionweb.com.ar\/index.php?rest_route=\/wp\/v2\/users\/4"}],"replies":[{"embeddable":true,"href":"https:\/\/www.visionweb.com.ar\/index.php?rest_route=%2Fwp%2Fv2%2Fcomments&post=12009"}],"version-history":[{"count":1,"href":"https:\/\/www.visionweb.com.ar\/index.php?rest_route=\/wp\/v2\/posts\/12009\/revisions"}],"predecessor-version":[{"id":12010,"href":"https:\/\/www.visionweb.com.ar\/index.php?rest_route=\/wp\/v2\/posts\/12009\/revisions\/12010"}],"wp:featuredmedia":[{"embeddable":true,"href":"https:\/\/www.visionweb.com.ar\/index.php?rest_route=\/wp\/v2\/media\/11711"}],"wp:attachment":[{"href":"https:\/\/www.visionweb.com.ar\/index.php?rest_route=%2Fwp%2Fv2%2Fmedia&parent=12009"}],"wp:term":[{"taxonomy":"category","embeddable":true,"href":"https:\/\/www.visionweb.com.ar\/index.php?rest_route=%2Fwp%2Fv2%2Fcategories&post=12009"},{"taxonomy":"post_tag","embeddable":true,"href":"https:\/\/www.visionweb.com.ar\/index.php?rest_route=%2Fwp%2Fv2%2Ftags&post=12009"}],"curies":[{"name":"wp","href":"https:\/\/api.w.org\/{rel}","templated":true}]}}