{"id":12003,"date":"2023-09-29T11:22:38","date_gmt":"2023-09-29T14:22:38","guid":{"rendered":"https:\/\/www.visionweb.com.ar\/?p=12003"},"modified":"2023-09-29T11:26:55","modified_gmt":"2023-09-29T14:26:55","slug":"economia-la-inflacion-semanal-de-economia-fue-17","status":"publish","type":"post","link":"https:\/\/www.visionweb.com.ar\/?p=12003","title":{"rendered":"La inflaci\u00f3n semanal de Econom\u00eda fue 1,7%"},"content":{"rendered":"<p><em><strong>El Ministerio de Econom\u00eda publica semanalmente una medici\u00f3n preliminar de inflaci\u00f3n: \u00abAlta, pero en franco descenso\u00bb, el dato es en relaci\u00f3n a los \u00faltimos dos publicados por el \u00ab\u00edndice Rubinstein\u00bb, que se difunde todos los viernes.<\/strong><\/em><!--more--><\/p>\n<p><strong><img loading=\"lazy\" decoding=\"async\" class=\"size-medium wp-image-11501 alignleft\" src=\"https:\/\/www.visionweb.com.ar\/wp-content\/uploads\/2023\/08\/a-canasta-300x205.png\" alt=\"\" width=\"300\" height=\"205\" srcset=\"https:\/\/www.visionweb.com.ar\/wp-content\/uploads\/2023\/08\/a-canasta-300x205.png 300w, https:\/\/www.visionweb.com.ar\/wp-content\/uploads\/2023\/08\/a-canasta.png 434w\" sizes=\"auto, (max-width: 300px) 100vw, 300px\" \/>\u00a0\u00a0 L<\/strong>a<strong>\u00a0Secretar\u00eda de Pol\u00edtica Econ\u00f3mica\u00a0<\/strong>inform\u00f3 este viernes un nuevo<strong> \u00edndice de inflaci\u00f3n\u00a0semanal que arroj\u00f3 un alza del 1,7% entre el 18 y el 24 de septiembre<\/strong>, conforme a estimaciones que realiza la secretar\u00eda que dirige\u00a0Gabriel Rubinstein.<\/p>\n<p>Desde el Palacio de Hacienda indicaron que \u201cla inflaci\u00f3n semanal se ubica nuevamente\u00a0por debajo del 2%, tras el pico de 4,8% de agosto\u201d.<strong> Cabe recordar, que el primer dato arroj\u00f3 un incremento del 2,1%, y el segundo, fue del 2% en la\u00a0semana\u00a0que del\u00a011 al 17 de septiembre. <\/strong><\/p>\n<p><strong>La inflaci\u00f3n de la tercera semana de septiembre fue de 1,7%: \u00abAlta, pero en franco descenso\u00bb, se\u00f1al\u00f3 el viceministro de Econom\u00eda, Gabriel Rubinstein, al informar estos datos en redes sociales.<\/strong><\/p>\n<p><strong>\u201cEn la \u00faltima semana relevada bajaron los precios de las frutas y las verduras, mientras que la carne contin\u00faa con aumentos inferiores al promedio\u201d,<\/strong>\u00a0se\u00f1al\u00f3 el an\u00e1lisis.<\/p>\n<p>No obstante, admiti\u00f3 que,\u00a0<strong>\u00abel resto de los alimentos y bebidas junto con otros rubros del componente n\u00facleo contin\u00faan con tasas de inflaci\u00f3n superiores al 2%\u00bb.<\/strong><\/p>\n<p>\u201cDe esta forma, a pesar de seguir la inflaci\u00f3n en niveles muy elevados, ha venido siendo significativa la baja semanal respecto de los picos de agosto\u201d.<\/p>\n<p>Seg\u00fan indic\u00f3 la Secretar\u00eda el informe est\u00e1 hecho en base \u201ca precios on line de supermercados y otros canales de comercializaci\u00f3n de una canasta representativa de productos de alimentos, bebidas, limpieza, cuidado personal, electrodom\u00e9sticos e indumentaria, como as\u00ed tambi\u00e9n precios on line de autom\u00f3viles y medicamentos, adem\u00e1s de precios regulados a nivel nacional\u201d.<\/p>\n<p>Tambi\u00e9n se aclar\u00f3 que \u201cse ajustan las estimaciones por brechas por canal de comercializaci\u00f3n.<\/p>\n<p>A su vez, la Secretar\u00eda aclar\u00f3 que \u201cestos relevamientos preliminares a nivel semanal son <strong>completamente independientes a las estad\u00edsticas del IPC mensual que realiza el INDEC<\/strong> y no deben usarse en reemplazo de la informaci\u00f3n que provee ese organismo\u201d.<\/p>\n<p>\u201cTampoco debe usarse en reemplazo de la posible evoluci\u00f3n del Coeficiente de Estabilizaci\u00f3n de Referencia (CER) que elabora el Banco Central\u201d.<\/p>\n<p>El <strong>IPC oficial de septiembre se conocer\u00e1 el 12 de octubre<\/strong>, 10 d\u00edas antes de las elecciones generales. En lo que va del 2023, la inflaci\u00f3n fue del<strong>\u00a080,2%\u00a0<\/strong>y la variaci\u00f3n\u00a0<strong>interanual\u00a0<\/strong>lleg\u00f3 al\u00a0<strong>124,4%<\/strong>. <strong>(VW)<\/strong><\/p>\n","protected":false},"excerpt":{"rendered":"<p>El Ministerio de Econom\u00eda publica semanalmente una medici\u00f3n preliminar de inflaci\u00f3n: \u00abAlta, pero en franco descenso\u00bb, el dato es en relaci\u00f3n a los \u00faltimos dos publicados por el \u00ab\u00edndice Rubinstein\u00bb, que se difunde todos&#46;&#46;&#46;<\/p>\n","protected":false},"author":4,"featured_media":11501,"comment_status":"closed","ping_status":"closed","sticky":false,"template":"","format":"standard","meta":{"_monsterinsights_skip_tracking":false,"_monsterinsights_sitenote_active":false,"_monsterinsights_sitenote_note":"","_monsterinsights_sitenote_category":0,"footnotes":""},"categories":[6],"tags":[4992,4993,2774],"class_list":["post-12003","post","type-post","status-publish","format-standard","has-post-thumbnail","hentry","category-economia","tag-inflacion-semanal","tag-rubinstein","tag-septiembre"],"_links":{"self":[{"href":"https:\/\/www.visionweb.com.ar\/index.php?rest_route=\/wp\/v2\/posts\/12003","targetHints":{"allow":["GET"]}}],"collection":[{"href":"https:\/\/www.visionweb.com.ar\/index.php?rest_route=\/wp\/v2\/posts"}],"about":[{"href":"https:\/\/www.visionweb.com.ar\/index.php?rest_route=\/wp\/v2\/types\/post"}],"author":[{"embeddable":true,"href":"https:\/\/www.visionweb.com.ar\/index.php?rest_route=\/wp\/v2\/users\/4"}],"replies":[{"embeddable":true,"href":"https:\/\/www.visionweb.com.ar\/index.php?rest_route=%2Fwp%2Fv2%2Fcomments&post=12003"}],"version-history":[{"count":2,"href":"https:\/\/www.visionweb.com.ar\/index.php?rest_route=\/wp\/v2\/posts\/12003\/revisions"}],"predecessor-version":[{"id":12005,"href":"https:\/\/www.visionweb.com.ar\/index.php?rest_route=\/wp\/v2\/posts\/12003\/revisions\/12005"}],"wp:featuredmedia":[{"embeddable":true,"href":"https:\/\/www.visionweb.com.ar\/index.php?rest_route=\/wp\/v2\/media\/11501"}],"wp:attachment":[{"href":"https:\/\/www.visionweb.com.ar\/index.php?rest_route=%2Fwp%2Fv2%2Fmedia&parent=12003"}],"wp:term":[{"taxonomy":"category","embeddable":true,"href":"https:\/\/www.visionweb.com.ar\/index.php?rest_route=%2Fwp%2Fv2%2Fcategories&post=12003"},{"taxonomy":"post_tag","embeddable":true,"href":"https:\/\/www.visionweb.com.ar\/index.php?rest_route=%2Fwp%2Fv2%2Ftags&post=12003"}],"curies":[{"name":"wp","href":"https:\/\/api.w.org\/{rel}","templated":true}]}}