{"id":11998,"date":"2023-09-29T09:17:21","date_gmt":"2023-09-29T12:17:21","guid":{"rendered":"https:\/\/www.visionweb.com.ar\/?p=11998"},"modified":"2023-09-29T09:17:21","modified_gmt":"2023-09-29T12:17:21","slug":"elecciones-2023-grtindetti-firma-35-compromisos-de-gestion","status":"publish","type":"post","link":"https:\/\/www.visionweb.com.ar\/?p=11998","title":{"rendered":"Elecciones 2023: Grtindetti firma 35 compromisos de gesti\u00f3n"},"content":{"rendered":"<p><strong><em>En San Pedro, se buscar\u00e1 impulsar el desarrollo del parque industrial de la localidad con beneficios impositivos para lograr la instalaci\u00f3n de nuevas industrias.<\/em><\/strong><!--more--><\/p>\n<p><strong><img loading=\"lazy\" decoding=\"async\" class=\"size-medium wp-image-11999 alignright\" src=\"https:\/\/www.visionweb.com.ar\/wp-content\/uploads\/2023\/09\/COMPROMISO-GRINDETTI-300x221.jpeg\" alt=\"\" width=\"300\" height=\"221\" srcset=\"https:\/\/www.visionweb.com.ar\/wp-content\/uploads\/2023\/09\/COMPROMISO-GRINDETTI-300x221.jpeg 300w, https:\/\/www.visionweb.com.ar\/wp-content\/uploads\/2023\/09\/COMPROMISO-GRINDETTI.jpeg 640w\" sizes=\"auto, (max-width: 300px) 100vw, 300px\" \/>E<\/strong>l candidato a gobernador de Juntos por el Cambio, Nestor Grindetti firmar\u00e1 35 compromisos de gesti\u00f3n en cada uno de los municipios que visitar\u00e1 hasta el pr\u00f3ximo 22 de octubre.<\/p>\n<p>Algunos de los compromisos que asumir\u00e1 el candiato de Juntos por el Cambio, de ocupar al sill\u00f3n de Dardo Rocha se relacionan\u00a0 con obras, seguridad, educaci\u00f3n, salud, transporte y desarrollo productivo, ser\u00e1n los principales ejes de gobierno que impulsar\u00e1 Grindetti en cada uno de sus actas compromiso.<\/p>\n<p>En recorrida por el norte de la provincia de Buenos Aires, Grindetti lleg\u00f3 a las localidades Zarate, Campana, San Antonio de Areco y Ramallo, donde el jefe comunal de Lanus -en uso de licencia- rubric\u00f3 con cada referente local un compromiso de gesti\u00f3n que impulsar\u00e1 desde la provincia de Buenos Aires cuando asuma como gobernador el pr\u00f3ximo 10 de diciembre.<\/p>\n<p>En Campana, Grindetti y Abella (intendente local que busca la reelecci\u00f3n) se comprometieron a llevar adelante la creaci\u00f3n de una nueva planta depuradora de efluentes cloacales para extender la red en toda la zona, asimismo en el municipio de Zarate la seguridad fue el eje de la visita.<\/p>\n<p>Por su parte, En San Anotnio de Areco junto al intendente local Francisco Ratto, Grindetti prometi\u00f3 continuar las obras h\u00eddricas del rio Areco y reanudar las obras de la nueva autopista 41, importante arteria de mas 300 km de extensi\u00f3n que conecta Baradero y la Autovia 2 a la altura del pueblo de Castelli.<\/p>\n<p>En San Pedro, se buscar\u00e1 impulsar el desarrollo del parque industrial de la localidad con beneficios impositivos para lograr la instalaci\u00f3n de nuevas industrias.<\/p>\n<p>\u201cEstamos llegando a cada localidad con compromisos muy concretos de gesti\u00f3n, en materia de infraestructura, salud, seguridad, educaci\u00f3n y desarrollo productivo, tenemos un equipo t\u00e9cnico muy profesional que esta trabajando en cada \u00e1rea con una mirada desde el territorio, d\u00e1ndole mucha importancia a la palabra de los intendentes y referentes locales sumando la mirada de las fuerzas vivas de cada municipio\u201d expreso Grindetti<\/p>\n<p>El intendente de Lan\u00fas, en uso de licencia, en relaci\u00f3n con la sociedad civil agreg\u00f3: \u201c Cercan\u00eda y gesti\u00f3n es lo que nos caracteriza, pretendemos ser la ant\u00edtesis de este gobierno provincial que se alej\u00f3 de la gente y dejo la provincia abandandonada a su suerte, Kicillof representa un gobierno ausente que solo se ocupa de engordar el Estado con mas cargos pol\u00edticos para sostener el aparato kirchnerista\u201d.<\/p>\n<p>La agenda de Grindetti en la segunda secci\u00f3n electoral continuar\u00e1 ma\u00f1ana en las localidades de San Nicol\u00e1s, Pergamino, Arrecifes y Exaltaci\u00f3n de la Cruz<strong>(VW)<\/strong>.<\/p>\n","protected":false},"excerpt":{"rendered":"<p>En San Pedro, se buscar\u00e1 impulsar el desarrollo del parque industrial de la localidad con beneficios impositivos para lograr la instalaci\u00f3n de nuevas industrias.<\/p>\n","protected":false},"author":3,"featured_media":11999,"comment_status":"closed","ping_status":"closed","sticky":false,"template":"","format":"standard","meta":{"_monsterinsights_skip_tracking":false,"_monsterinsights_sitenote_active":false,"_monsterinsights_sitenote_note":"","_monsterinsights_sitenote_category":0,"footnotes":""},"categories":[4],"tags":[4991,264,148],"class_list":["post-11998","post","type-post","status-publish","format-standard","has-post-thumbnail","hentry","category-politica","tag-compromiso","tag-intendentes","tag-municipios"],"_links":{"self":[{"href":"https:\/\/www.visionweb.com.ar\/index.php?rest_route=\/wp\/v2\/posts\/11998","targetHints":{"allow":["GET"]}}],"collection":[{"href":"https:\/\/www.visionweb.com.ar\/index.php?rest_route=\/wp\/v2\/posts"}],"about":[{"href":"https:\/\/www.visionweb.com.ar\/index.php?rest_route=\/wp\/v2\/types\/post"}],"author":[{"embeddable":true,"href":"https:\/\/www.visionweb.com.ar\/index.php?rest_route=\/wp\/v2\/users\/3"}],"replies":[{"embeddable":true,"href":"https:\/\/www.visionweb.com.ar\/index.php?rest_route=%2Fwp%2Fv2%2Fcomments&post=11998"}],"version-history":[{"count":1,"href":"https:\/\/www.visionweb.com.ar\/index.php?rest_route=\/wp\/v2\/posts\/11998\/revisions"}],"predecessor-version":[{"id":12002,"href":"https:\/\/www.visionweb.com.ar\/index.php?rest_route=\/wp\/v2\/posts\/11998\/revisions\/12002"}],"wp:featuredmedia":[{"embeddable":true,"href":"https:\/\/www.visionweb.com.ar\/index.php?rest_route=\/wp\/v2\/media\/11999"}],"wp:attachment":[{"href":"https:\/\/www.visionweb.com.ar\/index.php?rest_route=%2Fwp%2Fv2%2Fmedia&parent=11998"}],"wp:term":[{"taxonomy":"category","embeddable":true,"href":"https:\/\/www.visionweb.com.ar\/index.php?rest_route=%2Fwp%2Fv2%2Fcategories&post=11998"},{"taxonomy":"post_tag","embeddable":true,"href":"https:\/\/www.visionweb.com.ar\/index.php?rest_route=%2Fwp%2Fv2%2Ftags&post=11998"}],"curies":[{"name":"wp","href":"https:\/\/api.w.org\/{rel}","templated":true}]}}