{"id":11991,"date":"2023-09-28T12:13:03","date_gmt":"2023-09-28T15:13:03","guid":{"rendered":"https:\/\/www.visionweb.com.ar\/?p=11991"},"modified":"2023-09-28T12:13:34","modified_gmt":"2023-09-28T15:13:34","slug":"legislatura-bonaerense-presentaron-el-indice-del-costo-de-crianza-de-ninas-ninos-y-adolescentes","status":"publish","type":"post","link":"https:\/\/www.visionweb.com.ar\/?p=11991","title":{"rendered":"Legislatura bonaerense: Presentaron el \u00edndice del costo de crianza de ni\u00f1as, ni\u00f1os y adolescentes"},"content":{"rendered":"<p><em><strong>Por iniciativa de la diputada D\u00e9bora Gal\u00e1n, se present\u00f3 en el auditorio de la C\u00e1mara de Diputados el \u00cdndice de Crianza, la primera estimaci\u00f3n oficial del costo de crianza de ni\u00f1os, ni\u00f1as y adolescentes.<\/strong><\/em><!--more--><\/p>\n<p><strong><img loading=\"lazy\" decoding=\"async\" class=\"size-medium wp-image-11992 alignright\" src=\"https:\/\/www.visionweb.com.ar\/wp-content\/uploads\/2023\/09\/INDICE-DE-CRIANZA-300x200.png\" alt=\"\" width=\"300\" height=\"200\" srcset=\"https:\/\/www.visionweb.com.ar\/wp-content\/uploads\/2023\/09\/INDICE-DE-CRIANZA-300x200.png 300w, https:\/\/www.visionweb.com.ar\/wp-content\/uploads\/2023\/09\/INDICE-DE-CRIANZA.png 640w\" sizes=\"auto, (max-width: 300px) 100vw, 300px\" \/>S<\/strong>e present\u00f3 en la Legislatura bonaerense el \u00edndice de crianza de ni\u00f1os, ni\u00f1as y adolecentes, desarrollopor el INDEC y el Ministerio de Econom\u00eda, sobre la base del asesoramiento del la UNICEF.<\/p>\n<p>\u00c9sta herramienta, entre otros objetivos, permite su utilizaci\u00f3n para fijar las cuotas de alimentos por parte del Poder Judicial.<\/p>\n<p>Para su elaboraci\u00f3n se tienen en cuenta los bienes y servicios necesarios para el mantenimiento de ni\u00f1os, ni\u00f1as y adolescentes y la valorizaci\u00f3n del tiempo necesario para sus cuidados.<\/p>\n<p>En Argentina hay 1 mill\u00f3n 600 mil hogares monomarentales, donde viven tres millones de menores y, seg\u00fan datos de UNICEF, m\u00e1s del 60% de estos hogares no recibe o s\u00f3lo recibe parcialmente el dinero correspondiente a la cuota alimentaria.<\/p>\n<p>El acto cont\u00f3 con la participaci\u00f3n de la directora nacional de Econom\u00eda e Igualdad de G\u00e9nero, Sol Prieto; la ministra de las Mujeres, Pol\u00edticas de G\u00e9nero y Diversidad Sexual de la provincia, Estela D\u00edaz; la senadora provincial Sof\u00eda Vanelli.<\/p>\n<p>Tambi\u00e9n estuvieron presentes las funcionarias de la Legislatura Paz Bertero, Maru Bread y Maite Sand\u00e1; y la abogada Camila Beguiristain, auxiliar Letrada del Juzgado de Familia N\u00b02 de Lomas de Zamora en representaci\u00f3n de la jueza Bel\u00e9n Loguercio.<\/p>\n<p>Sol Prieto, responsable del \u00e1rea que impuls\u00f3 la creaci\u00f3n del \u00edndice, hizo un repaso exhaustivo de los indicadores econ\u00f3micos de las familias monomarentales, el impacto del incumplimiento de la cuota alimentaria en la feminizaci\u00f3n de la pobreza y el endeudamiento, y destac\u00f3 que \u00abesto que organiza las vidas de muchas familias y representa un drama para muchas mujeres es, a la vez, un problema econ\u00f3mico. Y esa conexi\u00f3n la hizo la pol\u00edtica, que interpret\u00f3 el problema y busc\u00f3 dar respuesta desde el Estado\u00bb.<\/p>\n<p>En tanto la senadora Sof\u00eda Vanelli, asegur\u00f3 al respecto: \u00abMe parece que debe haber un castigo social mucho m\u00e1s profundo, creo que hay una tolerancia social y naturalizaci\u00f3n que tenemos que romper para volver a construir la posibilidad de vivir en una familia sin violencia, donde la violencia econ\u00f3mica no sea aceptada\u00bb.<\/p>\n<h3 style=\"text-align: center;\"><span style=\"color: #0000ff;\"><strong><em>En la Argentina hay 1,6 millones de hogares monomarentales<\/em><\/strong>\u00a0<\/span><\/h3>\n<p>La legisladora que <strong>impulsa una serie de modificaciones al C\u00f3digo Procesal Civil y Comercial de la provincia,<\/strong> asegur\u00f3 que \u00ablos m\u00e1s perjudicados y vulnerables son los ni\u00f1os, ni\u00f1as y adolescentes, por eso pensamos estas modificaciones desde una medida de protecci\u00f3n\u00bb.<\/p>\n<p>El proyecto de ley de su autor\u00eda, que apela al \u00cdndice de Crianza, se encuentra en tratamiento en comisiones y tiene como prop\u00f3sito revertir el amplio nivel de incumplimiento de las obligaciones alimentarias generando mecanismos procesales que garanticen su pronta y efectiva concreci\u00f3n.<\/p>\n<p>Estela D\u00edaz, por su parte, destac\u00f3 que \u00abel \u00cdndice de Crianza es absolutamente innovador, no hay antecedentes en el mundo, una vez m\u00e1s nuestro pa\u00eds marca caminos\u00bb, y se\u00f1al\u00f3 que \u00abno es casual que casi inmediatamente tenemos fallos que usan el \u00edndice, es una herramienta que facilita el acceso y el trabajo de la Justicia\u00bb.<\/p>\n<p>A su turno, Camila Beguiristain destac\u00f3 la importancia de esta herramienta, coment\u00f3 el impacto en la labor judicial e hizo referencia al fallo de la jueza Bel\u00e9n Loguercio, la primera en aplicar el \u00edndice para fijar la cuota de alimentos.<\/p>\n<p>Lo hizo en un caso en el cual no se hab\u00edan probado los gastos espec\u00edficos, pero la jueza consider\u00f3 que, siendo los alimentos un derecho humano fundamental, deb\u00eda establecerse una cuota provisoria basada en el \u00cdndice de Crianza.<\/p>\n<p>La secretaria General de la Presidencia de diputados, Paz Bertero, por su parte subray\u00f3 que \u00abeste \u00edndice es importante porque la violencia econ\u00f3mica es una de las violencias de g\u00e9nero m\u00e1s graves, invisibilizadas y naturalizadas; y es uno de los mayores obst\u00e1culos para que las mujeres puedan salir de ese c\u00edrculo\u00bb<strong>(VW)<\/strong>.<\/p>\n","protected":false},"excerpt":{"rendered":"<p>Por iniciativa de la diputada D\u00e9bora Gal\u00e1n, se present\u00f3 en el auditorio de la C\u00e1mara de Diputados el \u00cdndice de Crianza, la primera estimaci\u00f3n oficial del costo de crianza de ni\u00f1os, ni\u00f1as y adolescentes.<\/p>\n","protected":false},"author":3,"featured_media":11992,"comment_status":"closed","ping_status":"closed","sticky":false,"template":"","format":"standard","meta":{"_monsterinsights_skip_tracking":false,"_monsterinsights_sitenote_active":false,"_monsterinsights_sitenote_note":"","_monsterinsights_sitenote_category":0,"footnotes":""},"categories":[4,5],"tags":[],"class_list":["post-11991","post","type-post","status-publish","format-standard","has-post-thumbnail","hentry","category-politica","category-sociedad"],"_links":{"self":[{"href":"https:\/\/www.visionweb.com.ar\/index.php?rest_route=\/wp\/v2\/posts\/11991","targetHints":{"allow":["GET"]}}],"collection":[{"href":"https:\/\/www.visionweb.com.ar\/index.php?rest_route=\/wp\/v2\/posts"}],"about":[{"href":"https:\/\/www.visionweb.com.ar\/index.php?rest_route=\/wp\/v2\/types\/post"}],"author":[{"embeddable":true,"href":"https:\/\/www.visionweb.com.ar\/index.php?rest_route=\/wp\/v2\/users\/3"}],"replies":[{"embeddable":true,"href":"https:\/\/www.visionweb.com.ar\/index.php?rest_route=%2Fwp%2Fv2%2Fcomments&post=11991"}],"version-history":[{"count":1,"href":"https:\/\/www.visionweb.com.ar\/index.php?rest_route=\/wp\/v2\/posts\/11991\/revisions"}],"predecessor-version":[{"id":11993,"href":"https:\/\/www.visionweb.com.ar\/index.php?rest_route=\/wp\/v2\/posts\/11991\/revisions\/11993"}],"wp:featuredmedia":[{"embeddable":true,"href":"https:\/\/www.visionweb.com.ar\/index.php?rest_route=\/wp\/v2\/media\/11992"}],"wp:attachment":[{"href":"https:\/\/www.visionweb.com.ar\/index.php?rest_route=%2Fwp%2Fv2%2Fmedia&parent=11991"}],"wp:term":[{"taxonomy":"category","embeddable":true,"href":"https:\/\/www.visionweb.com.ar\/index.php?rest_route=%2Fwp%2Fv2%2Fcategories&post=11991"},{"taxonomy":"post_tag","embeddable":true,"href":"https:\/\/www.visionweb.com.ar\/index.php?rest_route=%2Fwp%2Fv2%2Ftags&post=11991"}],"curies":[{"name":"wp","href":"https:\/\/api.w.org\/{rel}","templated":true}]}}