{"id":11986,"date":"2023-09-28T11:08:57","date_gmt":"2023-09-28T14:08:57","guid":{"rendered":"https:\/\/www.visionweb.com.ar\/?p=11986"},"modified":"2023-09-28T11:08:57","modified_gmt":"2023-09-28T14:08:57","slug":"extendieron-los-bonos-de-10-000-para-potenciar-trabajo","status":"publish","type":"post","link":"https:\/\/www.visionweb.com.ar\/?p=11986","title":{"rendered":"Extendieron los bonos de $10.000 para Potenciar Trabajo"},"content":{"rendered":"<p><em><strong>Lo anunciaron ayer desde el gobierno. Los beneficiarios de Potenciar Trabajo cobrar\u00e1n dos bonos m\u00e1s en noviembre y diciembre de $10.000 cada uno, y con la sumatoria de los aumentos llegar\u00e1n a fin de a\u00f1o con una prestaci\u00f3n de $83.000.<\/strong><\/em><!--more--><\/p>\n<p><strong><img loading=\"lazy\" decoding=\"async\" class=\"size-medium wp-image-11987 alignright\" src=\"https:\/\/www.visionweb.com.ar\/wp-content\/uploads\/2023\/09\/potenciar-300x229.png\" alt=\"\" width=\"300\" height=\"229\" srcset=\"https:\/\/www.visionweb.com.ar\/wp-content\/uploads\/2023\/09\/potenciar-300x229.png 300w, https:\/\/www.visionweb.com.ar\/wp-content\/uploads\/2023\/09\/potenciar.png 429w\" sizes=\"auto, (max-width: 300px) 100vw, 300px\" \/>\u00a0 E<\/strong>l Gobierno anunci\u00f3 la extensi\u00f3n del\u00a0<strong>bono de $20.000<\/strong>\u00a0para los beneficiarios del\u00a0<strong>Potenciar Trabajo<\/strong>, que si dividir\u00e1 en\u00a0<strong>dos cuotas de $10.000,<\/strong>\u00a0a pagarse en\u00a0<strong>noviembre<\/strong>\u00a0y\u00a0<strong>diciembre<\/strong> con los haberes correspondientes, as\u00ed\u00a0<strong>en el \u00faltimo mes del a\u00f1o la prestaci\u00f3n alcanzar\u00e1 los $83.000<\/strong>.<\/p>\n<p>Estos nuevos adicionales se suman a la percepci\u00f3n de bonos actuales de $10.000 en el presente septiembre, y $10.000 a cobrarse en octubre.<\/p>\n<p>La medida de continuidad de estos beneficios fue anunciada ayer por las titulares de las carteras de Desarrollo Social y de Trabajo, Victoria Tolosa Paz y Raquel Kelly Olmos, respectivamente.<\/p>\n<p>De esta manera,\u00a0<strong>al aumento de la prestaci\u00f3n mensual por el impacto de la suba del Salario M\u00ednimo Vital y Movil, durante noviembre y diciembre se suma este adicional<\/strong>.<\/p>\n<p>Para noviembre\u00a0<strong>los titulares del Potenciar trabajo percibir\u00e1n un total de $76.000, producto de $66.000 de la prestaci\u00f3n m\u00e1s los $10.000 del bono<\/strong>, mientras que\u00a0<strong>en diciembre, la suma alcanzar\u00e1 los $83.000<\/strong>, gracias a un aumento del plan del 7% en l\u00ednea con el aumento del SMVM m\u00e1s los 10.000 del bono.<\/p>\n<p>Cabe mencionar que en la reuni\u00f3n de ayer del\u00a0<strong>Consejo del Salario M\u00ednimo Vital y M\u00f3vil<\/strong>, donde ambas participaron y se decidi\u00f3 un aumento del 32,2% dividido en tres cuotas,\u00a0<strong>tambi\u00e9n se aument\u00f3 el valor del seguro de desempleo<\/strong>, para que quede por encima de cualquier cobro de plan social, buscando fortalecer la idea que el trabajador se reincorpore r\u00e1pidamente al mercado laboral.<\/p>\n<p>\u201cSe tom\u00f3 esta decisi\u00f3n porque\u00a0<strong>necesitamos fortalecer el trabajo formal y el puente de quienes hoy est\u00e1n en la informalidad con planes sociales que se incorporen al trabajo formal,<\/strong>\u00a0la debilidad del seguro de desempleo era que el desempleado prefer\u00eda no perder su plan social porque era superior a cualquier ingreso por desempleo. De esta forma, esto queda saldado\u201d, sostuvo Kelly Olmos.<\/p>\n<p>Tolosa Paz, candidata a diputada nacional por Uni\u00f3n por la Patria detall\u00f3 que \u201cEstas medidas vienen a\u00a0<strong>reparar la devaluaci\u00f3n impuesta por el FMI luego de las PASO\u201d<\/strong>, a la vez que invoc\u00f3 nuevamente al ex presidente de Juntos por el Cambio: \u201cProducto de la enorme deuda de la administraci\u00f3n de Mauricio Macri\u201d. <strong>(VW)<\/strong><\/p>\n","protected":false},"excerpt":{"rendered":"<p>Lo anunciaron ayer desde el gobierno. Los beneficiarios de Potenciar Trabajo cobrar\u00e1n dos bonos m\u00e1s en noviembre y diciembre de $10.000 cada uno, y con la sumatoria de los aumentos llegar\u00e1n a fin de&#46;&#46;&#46;<\/p>\n","protected":false},"author":4,"featured_media":11987,"comment_status":"closed","ping_status":"closed","sticky":false,"template":"","format":"standard","meta":{"_monsterinsights_skip_tracking":false,"_monsterinsights_sitenote_active":false,"_monsterinsights_sitenote_note":"","_monsterinsights_sitenote_category":0,"footnotes":""},"categories":[6,5],"tags":[4988,4989,2640],"class_list":["post-11986","post","type-post","status-publish","format-standard","has-post-thumbnail","hentry","category-economia","category-sociedad","tag-bonos-de-10-mil","tag-noviembre-y-diciembre","tag-potenciar-trabajo"],"_links":{"self":[{"href":"https:\/\/www.visionweb.com.ar\/index.php?rest_route=\/wp\/v2\/posts\/11986","targetHints":{"allow":["GET"]}}],"collection":[{"href":"https:\/\/www.visionweb.com.ar\/index.php?rest_route=\/wp\/v2\/posts"}],"about":[{"href":"https:\/\/www.visionweb.com.ar\/index.php?rest_route=\/wp\/v2\/types\/post"}],"author":[{"embeddable":true,"href":"https:\/\/www.visionweb.com.ar\/index.php?rest_route=\/wp\/v2\/users\/4"}],"replies":[{"embeddable":true,"href":"https:\/\/www.visionweb.com.ar\/index.php?rest_route=%2Fwp%2Fv2%2Fcomments&post=11986"}],"version-history":[{"count":1,"href":"https:\/\/www.visionweb.com.ar\/index.php?rest_route=\/wp\/v2\/posts\/11986\/revisions"}],"predecessor-version":[{"id":11988,"href":"https:\/\/www.visionweb.com.ar\/index.php?rest_route=\/wp\/v2\/posts\/11986\/revisions\/11988"}],"wp:featuredmedia":[{"embeddable":true,"href":"https:\/\/www.visionweb.com.ar\/index.php?rest_route=\/wp\/v2\/media\/11987"}],"wp:attachment":[{"href":"https:\/\/www.visionweb.com.ar\/index.php?rest_route=%2Fwp%2Fv2%2Fmedia&parent=11986"}],"wp:term":[{"taxonomy":"category","embeddable":true,"href":"https:\/\/www.visionweb.com.ar\/index.php?rest_route=%2Fwp%2Fv2%2Fcategories&post=11986"},{"taxonomy":"post_tag","embeddable":true,"href":"https:\/\/www.visionweb.com.ar\/index.php?rest_route=%2Fwp%2Fv2%2Ftags&post=11986"}],"curies":[{"name":"wp","href":"https:\/\/api.w.org\/{rel}","templated":true}]}}