{"id":11971,"date":"2023-09-27T15:49:19","date_gmt":"2023-09-27T18:49:19","guid":{"rendered":"https:\/\/www.visionweb.com.ar\/?p=11971"},"modified":"2023-09-27T15:49:19","modified_gmt":"2023-09-27T18:49:19","slug":"dia-mundial-del-turismo-2023-enmarcado-bajo-el-lema-turismo-e-inversiones-verdes","status":"publish","type":"post","link":"https:\/\/www.visionweb.com.ar\/?p=11971","title":{"rendered":"D\u00eda Mundial del Turismo 2023: Enmarcado bajo el lema \u00abTurismo e inversiones verdes\u00bb"},"content":{"rendered":"<p><em><strong>Cada 27 de septiembre se festeja el D\u00eda Mundial del Turismo, que tiene como fin concienciar sobre su impacto social, cultural y econ\u00f3mica, y exaltar la importancia de viajar de forma responsable y sostenible.<\/strong><\/em><!--more--><\/p>\n<div id=\"attachment_11972\" style=\"width: 310px\" class=\"wp-caption alignright\"><img loading=\"lazy\" decoding=\"async\" aria-describedby=\"caption-attachment-11972\" class=\"wp-image-11972 size-medium\" src=\"https:\/\/www.visionweb.com.ar\/wp-content\/uploads\/2023\/09\/cataratas-300x146.jpg\" alt=\"\" width=\"300\" height=\"146\" srcset=\"https:\/\/www.visionweb.com.ar\/wp-content\/uploads\/2023\/09\/cataratas-300x146.jpg 300w, https:\/\/www.visionweb.com.ar\/wp-content\/uploads\/2023\/09\/cataratas.jpg 504w\" sizes=\"auto, (max-width: 300px) 100vw, 300px\" \/><p id=\"caption-attachment-11972\" class=\"wp-caption-text\">Cataratas del Iguaz\u00fa, Misiones. Foto VW<\/p><\/div>\n<p><strong>\u00a0\u00a0\u00a0 E<\/strong>ste\u00a0<strong>27 de septiembre<\/strong>, como cada a\u00f1o, se conmemora el\u00a0<strong>D\u00eda del Turismo<\/strong>\u00a0tanto en la Argentina como en el mundo, con el objetivo de reconocer el valor social, cultural y econ\u00f3mico de esta actividad indispensable para diversas comunidades de todo el planeta.<\/p>\n<p>El <strong>D\u00eda Mundial del Turismo de este 2023<\/strong> est\u00e1 enmarcado bajo <strong>el lema \u00abTurismo e inversiones verdes\u00bb<\/strong>, que destaca la importancia de un mayor n\u00famero de inversiones orientadas hacia los Objetivos de Desarrollo Sostenible.<\/p>\n<p><strong>\u00abEs el momento de reivindicar soluciones nuevas e innovadoras por un mundo mejor y no solo de las inversiones tradicionales que promueven y apuntalan el crecimiento econ\u00f3mico y la productividad\u00bb<\/strong>, expresaron desde la Organizaci\u00f3n de las Naciones Unidas.<\/p>\n<p>El D\u00eda del Turismo se conmemora desde 1980 por decisi\u00f3n de\u00a0<strong>Organizaci\u00f3n Mundial del Turismo (OMT)<\/strong>, que instituy\u00f3 esta fecha con el fin de recordar la importancia de <strong>viajar de forma responsable y sostenible<\/strong>.<\/p>\n<p>La fecha marca el aniversario de la adopci\u00f3n de los Estatutos de la Organizaci\u00f3n en 1970, y allan\u00f3 el camino para el establecimiento de la OMT, cinco a\u00f1os despu\u00e9s.<\/p>\n<p>Otro de los objetivos claves de este d\u00eda es difundir c\u00f3mo el sector puede contribuir a lograr los Objetivos de Desarrollo Sostenible.<\/p>\n<div id=\"attachment_11973\" style=\"width: 238px\" class=\"wp-caption alignleft\"><img loading=\"lazy\" decoding=\"async\" aria-describedby=\"caption-attachment-11973\" class=\"wp-image-11973 size-medium\" src=\"https:\/\/www.visionweb.com.ar\/wp-content\/uploads\/2023\/09\/bariloche-cajon-de-piedra-228x300.jpg\" alt=\"\" width=\"228\" height=\"300\" srcset=\"https:\/\/www.visionweb.com.ar\/wp-content\/uploads\/2023\/09\/bariloche-cajon-de-piedra-228x300.jpg 228w, https:\/\/www.visionweb.com.ar\/wp-content\/uploads\/2023\/09\/bariloche-cajon-de-piedra.jpg 324w\" sizes=\"auto, (max-width: 228px) 100vw, 228px\" \/><p id=\"caption-attachment-11973\" class=\"wp-caption-text\">El \u00abCaj\u00f3n de Piedra\u00bb, Bariloche, R\u00edo Negro. Foto archivo VW<\/p><\/div>\n<p><strong>\u00abEl turismo nunca ha sido m\u00e1s importante para nuestras econom\u00edas o nuestras sociedades. Su potencial es enorme. Por eso, en este D\u00eda Mundial del Turismo, celebramos la capacidad del turismo para impulsar el crecimiento y al mismo tiempo destacamos la necesidad vital de inversiones para garantizar que dicho crecimiento sea inclusivo y sostenible\u00bb<\/strong>, expres\u00f3 al respecto\u00a0<strong>Zurab Pololikashvili<\/strong>, Secretario General de la OMT.<\/p>\n<p><strong>Dec\u00e1logo del Turista Responsable:<\/strong><\/p>\n<p>El Ministerio de Ambiente y Desarrollo Sostenible elabor\u00f3 un dec\u00e1logo del turista responsable para que las personas realicen sus viajes considerando los contextos naturales, socio-culturales, econ\u00f3micos y pol\u00edticos de un sitio para aumentar sus beneficios y minimizar los impactos negativos:<\/p>\n<ul>\n<li>Conoc\u00e9 tus derechos y obligaciones como persona usuaria de servicios y productos tur\u00edsticos.<\/li>\n<li>Informate sobre la legislaci\u00f3n vigente y costumbres del destino.<\/li>\n<li>Asegurate de no correr riesgos y registrate en las actividades que lo requieran.<\/li>\n<li>Apoy\u00e1 el comercio y desarrollo local.<\/li>\n<li>Foment\u00e1 un trato respetuoso a las personas.<\/li>\n<li>Abrite a conocer otras culturas respetando la diversidad.<\/li>\n<li>Contribu\u00ed al cuidado de la biodiversidad terrestre y acu\u00e1tica.<\/li>\n<li>Contribu\u00ed al cuidado del patrimonio cultural.<\/li>\n<li>Eleg\u00ed productos y servicios sostenibles.<\/li>\n<li>Us\u00e1 transporte p\u00fablico o bicicleta.<\/li>\n<\/ul>\n<p>En<strong> Argentina <\/strong>el\u00a0turismo\u00a0es una de las actividades econ\u00f3micas de importancia con el claro ejemplo del <strong>programa\u00a0PreViaje, que\u00a0incentiva el sector y devuelve\u00a0un porcentaje del valor\u00a0de los gastos en cr\u00e9dito<\/strong>\u00a0para usar en toda la cadena tur\u00edstica del pa\u00eds. <strong>(VW)<\/strong><\/p>\n","protected":false},"excerpt":{"rendered":"<p>Cada 27 de septiembre se festeja el D\u00eda Mundial del Turismo, que tiene como fin concienciar sobre su impacto social, cultural y econ\u00f3mica, y exaltar la importancia de viajar de forma responsable y sostenible.<\/p>\n","protected":false},"author":4,"featured_media":11973,"comment_status":"closed","ping_status":"closed","sticky":false,"template":"","format":"standard","meta":{"_monsterinsights_skip_tracking":false,"_monsterinsights_sitenote_active":false,"_monsterinsights_sitenote_note":"","_monsterinsights_sitenote_category":0,"footnotes":""},"categories":[700],"tags":[4983,4982,2328,202],"class_list":["post-11971","post","type-post","status-publish","format-standard","has-post-thumbnail","hentry","category-turismo","tag-decalogo-del-viajero","tag-dia-mundial-del-turismo","tag-omt","tag-previaje"],"_links":{"self":[{"href":"https:\/\/www.visionweb.com.ar\/index.php?rest_route=\/wp\/v2\/posts\/11971","targetHints":{"allow":["GET"]}}],"collection":[{"href":"https:\/\/www.visionweb.com.ar\/index.php?rest_route=\/wp\/v2\/posts"}],"about":[{"href":"https:\/\/www.visionweb.com.ar\/index.php?rest_route=\/wp\/v2\/types\/post"}],"author":[{"embeddable":true,"href":"https:\/\/www.visionweb.com.ar\/index.php?rest_route=\/wp\/v2\/users\/4"}],"replies":[{"embeddable":true,"href":"https:\/\/www.visionweb.com.ar\/index.php?rest_route=%2Fwp%2Fv2%2Fcomments&post=11971"}],"version-history":[{"count":1,"href":"https:\/\/www.visionweb.com.ar\/index.php?rest_route=\/wp\/v2\/posts\/11971\/revisions"}],"predecessor-version":[{"id":11974,"href":"https:\/\/www.visionweb.com.ar\/index.php?rest_route=\/wp\/v2\/posts\/11971\/revisions\/11974"}],"wp:featuredmedia":[{"embeddable":true,"href":"https:\/\/www.visionweb.com.ar\/index.php?rest_route=\/wp\/v2\/media\/11973"}],"wp:attachment":[{"href":"https:\/\/www.visionweb.com.ar\/index.php?rest_route=%2Fwp%2Fv2%2Fmedia&parent=11971"}],"wp:term":[{"taxonomy":"category","embeddable":true,"href":"https:\/\/www.visionweb.com.ar\/index.php?rest_route=%2Fwp%2Fv2%2Fcategories&post=11971"},{"taxonomy":"post_tag","embeddable":true,"href":"https:\/\/www.visionweb.com.ar\/index.php?rest_route=%2Fwp%2Fv2%2Ftags&post=11971"}],"curies":[{"name":"wp","href":"https:\/\/api.w.org\/{rel}","templated":true}]}}