{"id":11967,"date":"2023-09-27T14:18:31","date_gmt":"2023-09-27T17:18:31","guid":{"rendered":"https:\/\/www.visionweb.com.ar\/?p=11967"},"modified":"2023-09-27T14:18:31","modified_gmt":"2023-09-27T17:18:31","slug":"asueto-en-lanus-por-el-aniversario-y-festejos-a-todo-ritmo","status":"publish","type":"post","link":"https:\/\/www.visionweb.com.ar\/?p=11967","title":{"rendered":"Asueto en Lan\u00fas por el aniversario, y festejos a todo ritmo"},"content":{"rendered":"<p><em><strong>El viernes 29 habr\u00e1 asueto en la localidad, mientras que el s\u00e1bado 30 festejar\u00e1n con foodtrucks, ferias y m\u00fasica en vivo con Los Pericos, en el Vel\u00f3dromo.<\/strong><\/em><!--more--><\/p>\n<div id=\"attachment_11968\" style=\"width: 310px\" class=\"wp-caption alignright\"><img loading=\"lazy\" decoding=\"async\" aria-describedby=\"caption-attachment-11968\" class=\"wp-image-11968 size-medium\" src=\"https:\/\/www.visionweb.com.ar\/wp-content\/uploads\/2023\/09\/los-pericos-300x161.png\" alt=\"\" width=\"300\" height=\"161\" srcset=\"https:\/\/www.visionweb.com.ar\/wp-content\/uploads\/2023\/09\/los-pericos-300x161.png 300w, https:\/\/www.visionweb.com.ar\/wp-content\/uploads\/2023\/09\/los-pericos.png 504w\" sizes=\"auto, (max-width: 300px) 100vw, 300px\" \/><p id=\"caption-attachment-11968\" class=\"wp-caption-text\">Los Pericos se presentar\u00e1n este s\u00e1bado en los festejos por el aniversario de la Comuna.<\/p><\/div>\n<p><strong>E<\/strong>l Municipio de Lan\u00fas festejar\u00e1 sus\u00a079 a\u00f1os de autonom\u00eda\u00a0y\u00a0organiz\u00f3 una importante celebraci\u00f3n con un festival el d\u00eda s\u00e1bado 30 en el Vel\u00f3dromo, que incluye la presentaci\u00f3n de las bandas \u201cLos Pericos\u201d y \u201cSobra Milonga\u201d.<\/p>\n<p>A la vez, el mismo d\u00eda del aniversario, es decir, <strong>el pr\u00f3ximo viernes 29 de septiembre<\/strong>\u00a0habr\u00e1 asueto en la localidad, y algunos servicios no funcionar\u00e1n, mientras que otros lo har\u00e1n con normalidad.<\/p>\n<p><strong>El evento del s\u00e1bado 30 ser\u00e1 en el Parque Eva Per\u00f3n<\/strong>, ubicado en C\u00f3rdoba y Purita de Remedios de Escalada Este, con entrada<strong> libre y gratuita, <\/strong>y comenzar\u00e1 a las 12. <strong>\u201cTe esperamos con muchas actividades, foodtrucks, ferias y m\u00fasica en vivo\u201d<\/strong>, convocaron desde la Comuna.<\/p>\n<p>El cierre estar\u00e1 a cargo de las reconocidas bandas: Sobra Milonga, a partir de las 16.30, y<strong> Los Pericos, que tocar\u00e1n a partir de las 18. <\/strong>Aclararon que se suspende por lluvia.<\/p>\n<p><strong><img loading=\"lazy\" decoding=\"async\" class=\"size-medium wp-image-11969 alignleft\" src=\"https:\/\/www.visionweb.com.ar\/wp-content\/uploads\/2023\/09\/79-aniversario-lanus-300x300.png\" alt=\"\" width=\"300\" height=\"300\" srcset=\"https:\/\/www.visionweb.com.ar\/wp-content\/uploads\/2023\/09\/79-aniversario-lanus-300x300.png 300w, https:\/\/www.visionweb.com.ar\/wp-content\/uploads\/2023\/09\/79-aniversario-lanus-150x150.png 150w, https:\/\/www.visionweb.com.ar\/wp-content\/uploads\/2023\/09\/79-aniversario-lanus-80x80.png 80w, https:\/\/www.visionweb.com.ar\/wp-content\/uploads\/2023\/09\/79-aniversario-lanus-320x320.png 320w, https:\/\/www.visionweb.com.ar\/wp-content\/uploads\/2023\/09\/79-aniversario-lanus-65x65.png 65w, https:\/\/www.visionweb.com.ar\/wp-content\/uploads\/2023\/09\/79-aniversario-lanus.png 454w\" sizes=\"auto, (max-width: 300px) 100vw, 300px\" \/>El asueto del viernes 29:<\/strong><\/p>\n<p>El jefe comunal N\u00e9stor Grindetti, anunci\u00f3 el <strong>asueto para la administraci\u00f3n p\u00fablica local<\/strong> que tiene como objetivo <strong>conmemorar el D\u00eda del Partido de Lan\u00fas<\/strong> cuya fecha es el 29 de septiembre.<\/p>\n<p><strong>La medida establece el mantenimiento de guardias m\u00ednimas a los fines de garantizar el funcionamiento de todos los servicios elementales que brinda el Municipio.<\/strong><\/p>\n<p><strong>Detalle de c\u00f3mo funcionar\u00e1n los servicios municipales durante el asueto:<\/strong><\/p>\n<ul>\n<li>Cementerio \u2013 Abierto de 8 a 17.<\/li>\n<li>Los Parques Municipales se encontrar\u00e1n cerrados.<\/li>\n<li>Las actividades deportivas estar\u00e1n suspendidas.<\/li>\n<li>La recolecci\u00f3n de residuos funcionar\u00e1 con normalidad.<\/li>\n<li>El CAV, la sede de licencias, Casa de la Cultura, MACSur, NIDO jard\u00edn y Chingolo y la ANMaC se encontrar\u00e1n cerrados.<\/li>\n<li>MACU estar\u00e1 abierto de 12 a 20.<\/li>\n<li>El Centro de Monitoreo al igual que Defensa Civil funcionar\u00e1n con normalidad.<\/li>\n<li>Guardias Pasivas funcionar\u00e1n las 24 horas.<\/li>\n<li>Las Guardias m\u00e9dicas que funcionar\u00e1n las 24 horas ser\u00e1n: Luis M\u00e1spero; Dr Nicol\u00e1s Natiello; 1\u00b0 de Mayo; Lan\u00fas Oeste; Miranda Nogreen; Villa Jard\u00edn; General San Mart\u00edn y Dr Francisco Masevicius.<\/li>\n<\/ul>\n<p>Cabe recordar que el partido de Lan\u00fas naci\u00f3 el 29 de septiembre de 1944 cuando fue designado Juan Ram\u00f3n Pi\u00f1eiro en car\u00e1cter de comisionado. Con este hecho, el distrito se emancip\u00f3 del distrito de Avellaneda al cual pertenec\u00eda, bajo la denominaci\u00f3n de \u201c4 de Junio\u201d. <strong>(VW)<\/strong><\/p>\n","protected":false},"excerpt":{"rendered":"<p>El viernes 29 habr\u00e1 asueto en la localidad, mientras que el s\u00e1bado 30 festejar\u00e1n con foodtrucks, ferias y m\u00fasica en vivo con Los Pericos, en el Vel\u00f3dromo.<\/p>\n","protected":false},"author":4,"featured_media":11969,"comment_status":"closed","ping_status":"closed","sticky":false,"template":"","format":"standard","meta":{"_monsterinsights_skip_tracking":false,"_monsterinsights_sitenote_active":false,"_monsterinsights_sitenote_note":"","_monsterinsights_sitenote_category":0,"footnotes":""},"categories":[8],"tags":[4980,1190,3319,4981],"class_list":["post-11967","post","type-post","status-publish","format-standard","has-post-thumbnail","hentry","category-interes-general","tag-aniversario-79o-del-municipio-de-lanus","tag-asueto","tag-festejos","tag-los-pericos"],"_links":{"self":[{"href":"https:\/\/www.visionweb.com.ar\/index.php?rest_route=\/wp\/v2\/posts\/11967","targetHints":{"allow":["GET"]}}],"collection":[{"href":"https:\/\/www.visionweb.com.ar\/index.php?rest_route=\/wp\/v2\/posts"}],"about":[{"href":"https:\/\/www.visionweb.com.ar\/index.php?rest_route=\/wp\/v2\/types\/post"}],"author":[{"embeddable":true,"href":"https:\/\/www.visionweb.com.ar\/index.php?rest_route=\/wp\/v2\/users\/4"}],"replies":[{"embeddable":true,"href":"https:\/\/www.visionweb.com.ar\/index.php?rest_route=%2Fwp%2Fv2%2Fcomments&post=11967"}],"version-history":[{"count":1,"href":"https:\/\/www.visionweb.com.ar\/index.php?rest_route=\/wp\/v2\/posts\/11967\/revisions"}],"predecessor-version":[{"id":11970,"href":"https:\/\/www.visionweb.com.ar\/index.php?rest_route=\/wp\/v2\/posts\/11967\/revisions\/11970"}],"wp:featuredmedia":[{"embeddable":true,"href":"https:\/\/www.visionweb.com.ar\/index.php?rest_route=\/wp\/v2\/media\/11969"}],"wp:attachment":[{"href":"https:\/\/www.visionweb.com.ar\/index.php?rest_route=%2Fwp%2Fv2%2Fmedia&parent=11967"}],"wp:term":[{"taxonomy":"category","embeddable":true,"href":"https:\/\/www.visionweb.com.ar\/index.php?rest_route=%2Fwp%2Fv2%2Fcategories&post=11967"},{"taxonomy":"post_tag","embeddable":true,"href":"https:\/\/www.visionweb.com.ar\/index.php?rest_route=%2Fwp%2Fv2%2Ftags&post=11967"}],"curies":[{"name":"wp","href":"https:\/\/api.w.org\/{rel}","templated":true}]}}