{"id":11965,"date":"2023-09-27T08:22:42","date_gmt":"2023-09-27T11:22:42","guid":{"rendered":"https:\/\/www.visionweb.com.ar\/?p=11965"},"modified":"2023-09-27T08:22:42","modified_gmt":"2023-09-27T11:22:42","slug":"intendentes-opositores-denunciaron-a-kicillof-por-discriminarlos-con-los-fondos","status":"publish","type":"post","link":"https:\/\/www.visionweb.com.ar\/?p=11965","title":{"rendered":"Intendentes opositores denunciaron a Kicillof por discriminarlos con los fondos"},"content":{"rendered":"<p class=\"td-post-sub-title\"><em><strong>Dijeron que el gobernador les retacea financiamiento con fines electorales. Elaboraron un documento con una larga lista de reclamos que entregar\u00e1n formalmente al mandatario.<\/strong><\/em><!--more--><\/p>\n<p style=\"font-weight: 400;\"><img loading=\"lazy\" decoding=\"async\" class=\"size-medium wp-image-4615 alignright\" src=\"https:\/\/www.visionweb.com.ar\/wp-content\/uploads\/2022\/02\/CASA-DE-GOBIERNO-PBA-300x195.png\" alt=\"\" width=\"300\" height=\"195\" srcset=\"https:\/\/www.visionweb.com.ar\/wp-content\/uploads\/2022\/02\/CASA-DE-GOBIERNO-PBA-300x195.png 300w, https:\/\/www.visionweb.com.ar\/wp-content\/uploads\/2022\/02\/CASA-DE-GOBIERNO-PBA-768x498.png 768w, https:\/\/www.visionweb.com.ar\/wp-content\/uploads\/2022\/02\/CASA-DE-GOBIERNO-PBA.png 800w\" sizes=\"auto, (max-width: 300px) 100vw, 300px\" \/>Un foro de\u00a0 58 intendentes de Juntos por el Cambio se reuni\u00f3 en La Plata y emiti\u00f3 un duro comunicado en el que denuncia al gobernador Axel Kicillof por discriminarlos en el env\u00edo de fondos.<\/p>\n<p style=\"font-weight: 400;\">Afirman que lo hace por motivos electorales pero que a la vez perjudica la vida de \u201cseis millones de bonaerenses\u201d.<\/p>\n<p><span style=\"font-weight: 400;\">\u201cLos intendentes de Juntos por el Cambio estamos en estado de alerta por el desfinanciamiento que sufren en la actualidad nuestros municipios, manifestamos nuestra gran preocupaci\u00f3n por una parte por la demora en el pago de diversos conceptos\u201d, reclamaron en el documento titulado \u201cAl se\u00f1or Gobernador de la provincia Axel Kicillof\u201d.<\/span><\/p>\n<p style=\"font-weight: 400;\">Tras un encuentro que se realiz\u00f3 en la casa de la Provincia, en calle 51 entre 8 y 9, los intendentes de PRO y radicales decidieron poner por escrito sus objeciones a la administraci\u00f3n Kicillof y entregarlas en un documento formal que llevar\u00e1 la firma de los 58, para darle un mayor peso formal.<\/p>\n<p><span style=\"font-weight: 400;\">All\u00ed, los alcaldes Sostuvieron que hay incumplimiento de temas acordados a la hora de sancionar el presupuesto provincial y que se encuentran con demoras significativas, entre ellas por \u201cla falta de pago a muchos municipios de aportes del tesoro provincial para compensar la ca\u00edda de CUD (coparticipaci\u00f3n), cuya cancelaci\u00f3n estaba prevista en desembolsos para marzo y junio\u201d.<\/span><\/p>\n<p style=\"font-weight: 400;\">Tambi\u00e9n se detall\u00f3 \u201cel financiamiento por parte de los municipios de un porcentaje significativo de los Torneos Bonaerenses, la falta de cumplimiento de convenios celebrados para el funcionamiento de las polic\u00edas en los distritos por parte del Ministerio \u00a0de Seguridad (Fondo Municipal de Seguridad), o los que tienen que ver con las acciones planteadas en los convenios celebrados con el Ministerio de las Mujeres, por ejemplo\u201d.<\/p>\n<p><span style=\"font-weight: 400;\">A su vez, cuestionaron la \u201cexcesiva intencionada burocracia y duplicidad de controles (cuestiones que se acord\u00f3 oportunamente simplificar y disminuir), sumada a la importante demora en el pago de los anticipos y\/o certificados correspondientes, en un contexto de una alt\u00edsima inflaci\u00f3n que no para de crecer, que obliga en muchos casos a la paralizaci\u00f3n de obras comprometidas con la consecuente falta de respuestas a nuestros vecinos que esperan la ejecuci\u00f3n y el cumplimiento de las mismas, a su vez que se ponen en riesgo miles de puestos de trabajo generados a partir de ellas\u201d.<\/span><\/p>\n<p style=\"font-weight: 400;\">Por otra parte, se plante\u00f3 \u201cla insuficiente actualizaci\u00f3n del valor de las prestaciones abonadas por el IOMA y la demora en la cancelaci\u00f3n de las mismas, que dificultan seriamente el normal funcionamiento de nuestros efectores de salud\u201d, afectando seriamente las prestaciones que reciben los afiliados.<\/p>\n<p><span style=\"font-weight: 400;\">En cuanto al pago del bono de 60 mil pesos a los empleados municipales, se grafic\u00f3 que \u201cse toman medidas de manera unilateral que afectan el normal desenvolvimiento de nuestros municipios y que al no ser acompa\u00f1adas con los recursos suficientes para hacer frente a dichas obligaciones tambi\u00e9n generan inconvenientes en los gobiernos locales, en un contexto de absoluta dificultad financiera\u201d.<\/span><\/p>\n<p style=\"font-weight: 400;\">Los intendentes de Juntos por el Cambio apostaron a \u201cla sana convivencia democr\u00e1tica, al di\u00e1logo y el consenso pol\u00edtico, por lo que seguimos aguardando ser convocados a partir de nuestro pedido de audiencia del 7 del corriente mes\u201d.<\/p>\n<p style=\"font-weight: 400;\">\u201cApostamos a poder construir una provincia mejor para cada unos de los bonaerenses\u201d, remarcaron y concluyeron: \u201cSomos 58 intendentes que gobernamos municipios donde habitan m\u00e1s de 6 millones de bonaerenses a lo largo y a lo ancho de m\u00e1s de 170.000 kil\u00f3metros cuadrados de nuestra querida provincia\u201d.<\/p>\n<p style=\"font-weight: 400;\">LOS 58 INTENDENTES QUE FIRMARON EL COMUNICADO<\/p>\n<p><span style=\"font-weight: 400;\">Julio Garro (La Plata), Sebasti\u00e1n Abella (Campana), Gustavo Posse (San Isidro), Jaime M\u00e9ndez (San Miguel), Alejandro Federico (Suipacha), Diego Valenzuela (Tres de Febrero), Soledad Mart\u00ednez (Vicente L\u00f3pez), Javier Olaeta (Arrecifes), Javier Iguacel (Capit\u00e1n Sarmiento), Javier Mart\u00ednez (Pergamino), Gustavo Perie (Ramallo), Rom\u00e1n Bouvier (Rojas), Francisco Ratto (San Antonio de Areco) y, Manuel Passaglia (San Nicol\u00e1s).<\/span><\/p>\n<p><span style=\"font-weight: 400;\">Tambi\u00e9n rubricaron el documento: Oscar Capeletti (Brandsen), N\u00e9stor Grindetti (Lan\u00fas), Jorge Etcheverry (Lobos), Gonzalo Peluso (Magdalena), Vicente Gatica (Bragado), V\u00edctor Aiola (Chacabuco), Nahuel Mittelbach (Florentino Ameghino), Edgardo Battaglia (General Arenales), Franco Flexas (General Viamonte), Eduardo Campana (General Villegas), Pablo Petrecca (Jun\u00edn), Salvador Serenal (Lincoln), Mariano Barroso (Nueve de Julio) y Javier Reynoso (Rivadavia).<\/span><\/p>\n<p><span style=\"font-weight: 400;\">Adem\u00e1s lo hicieron: Miguel Fern\u00e1ndez (Trenque Lauquen), Emilio Cordonnier (Ayacucho), Esteban Reino (Balcarce), Camilo Etchevarren (Dolores), Osvaldo Din\u00e1poli (General Belgrano), Jos\u00e9 Rodr\u00edguez Ponte (General Lavalle), Carlos Santoro (General Madariaga), Guillermo Montenegro (General Pueyrred\u00f3n), Arnaldo Harispe (Lezama), Juan Jos\u00e9 Fioramonti (Lober\u00eda), Mat\u00edas Rapallini (Maip\u00fa), adem\u00e1s de Jos\u00e9 Castro (Monte).<\/span><\/p>\n<p><span style=\"font-weight: 400;\">Sumaron su firma, adem\u00e1s, Mart\u00edn Yeza (Pinamar), Roberto Suesc\u00fan (Rauch), Miguel \u00c1ngel Gargaglione (San Cayetano), Miguel \u00c1ngel Lunghi (Tandil), Javier Andr\u00e9s (Adolfo Alsina), H\u00e9ctor Gay (Bah\u00eda Blanca), Ra\u00fal Reyes (Coronel Dorrego), Lisandro Matzkin (Coronel Pringles), Mariano Uset (Coronel Rosales), Mart\u00edn Randazzo (General La Madrid), Jos\u00e9 Luiz Zara (Carmen de Patagones), Guillermo Pacheco (Pellegrini), Facundo David Castelli (Puan), Gustavo Notararigo (Saavedra), Hern\u00e1n Bertellys (Azul), Ram\u00f3n Capra (General Alvear), Ezequiel Galli (Olavarr\u00eda), Jos\u00e9 Luis Salom\u00f3n (Saladillo)<strong>(VW\/DIB)<\/strong>.<\/span><\/p>\n<div class=\"td-module-meta-info\"><\/div>\n","protected":false},"excerpt":{"rendered":"<p>Dijeron que el gobernador les retacea financiamiento con fines electorales. Elaboraron un documento con una larga lista de reclamos que entregar\u00e1n formalmente al mandatario.<\/p>\n","protected":false},"author":3,"featured_media":4615,"comment_status":"closed","ping_status":"closed","sticky":false,"template":"","format":"standard","meta":{"_monsterinsights_skip_tracking":false,"_monsterinsights_sitenote_active":false,"_monsterinsights_sitenote_note":"","_monsterinsights_sitenote_category":0,"footnotes":""},"categories":[4],"tags":[1010,4979,167,440],"class_list":["post-11965","post","type-post","status-publish","format-standard","has-post-thumbnail","hentry","category-politica","tag-fondos","tag-intenndentes","tag-kicillof","tag-reclamos"],"_links":{"self":[{"href":"https:\/\/www.visionweb.com.ar\/index.php?rest_route=\/wp\/v2\/posts\/11965","targetHints":{"allow":["GET"]}}],"collection":[{"href":"https:\/\/www.visionweb.com.ar\/index.php?rest_route=\/wp\/v2\/posts"}],"about":[{"href":"https:\/\/www.visionweb.com.ar\/index.php?rest_route=\/wp\/v2\/types\/post"}],"author":[{"embeddable":true,"href":"https:\/\/www.visionweb.com.ar\/index.php?rest_route=\/wp\/v2\/users\/3"}],"replies":[{"embeddable":true,"href":"https:\/\/www.visionweb.com.ar\/index.php?rest_route=%2Fwp%2Fv2%2Fcomments&post=11965"}],"version-history":[{"count":1,"href":"https:\/\/www.visionweb.com.ar\/index.php?rest_route=\/wp\/v2\/posts\/11965\/revisions"}],"predecessor-version":[{"id":11966,"href":"https:\/\/www.visionweb.com.ar\/index.php?rest_route=\/wp\/v2\/posts\/11965\/revisions\/11966"}],"wp:featuredmedia":[{"embeddable":true,"href":"https:\/\/www.visionweb.com.ar\/index.php?rest_route=\/wp\/v2\/media\/4615"}],"wp:attachment":[{"href":"https:\/\/www.visionweb.com.ar\/index.php?rest_route=%2Fwp%2Fv2%2Fmedia&parent=11965"}],"wp:term":[{"taxonomy":"category","embeddable":true,"href":"https:\/\/www.visionweb.com.ar\/index.php?rest_route=%2Fwp%2Fv2%2Fcategories&post=11965"},{"taxonomy":"post_tag","embeddable":true,"href":"https:\/\/www.visionweb.com.ar\/index.php?rest_route=%2Fwp%2Fv2%2Ftags&post=11965"}],"curies":[{"name":"wp","href":"https:\/\/api.w.org\/{rel}","templated":true}]}}