{"id":11962,"date":"2023-09-26T18:16:48","date_gmt":"2023-09-26T21:16:48","guid":{"rendered":"https:\/\/www.visionweb.com.ar\/?p=11962"},"modified":"2023-09-26T18:16:48","modified_gmt":"2023-09-26T21:16:48","slug":"ahora-habra-un-refuerzo-de-94-mil-para-trabajadores-informales","status":"publish","type":"post","link":"https:\/\/www.visionweb.com.ar\/?p=11962","title":{"rendered":"Ahora habr\u00e1 un refuerzo de $94 mil para trabajadores informales"},"content":{"rendered":"<p><em><strong>Sergio Massa anunci\u00f3 un refuerzo ingresos para trabajadores informales de $94 mil, dividido en dos cuotas desde octubre. Hay que inscribirse.<\/strong><\/em><!--more--><\/p>\n<p><strong> <img loading=\"lazy\" decoding=\"async\" class=\"size-medium wp-image-11963 alignright\" src=\"https:\/\/www.visionweb.com.ar\/wp-content\/uploads\/2023\/09\/massa-y-raverta-300x187.png\" alt=\"\" width=\"300\" height=\"187\" srcset=\"https:\/\/www.visionweb.com.ar\/wp-content\/uploads\/2023\/09\/massa-y-raverta-300x187.png 300w, https:\/\/www.visionweb.com.ar\/wp-content\/uploads\/2023\/09\/massa-y-raverta.png 447w\" sizes=\"auto, (max-width: 300px) 100vw, 300px\" \/>\u00a0\u00a0 E<\/strong>l ministro de Econom\u00eda de la Naci\u00f3n y candidato a presidente,\u00a0<strong>Sergio Massa<\/strong>, anunci\u00f3 esta tarde que pagar\u00e1n un\u00a0<strong>refuerzo de ingresos a trabajadores informales<\/strong>, que ser\u00e1 de 47.000 pesos en octubre y 47.000 pesos en noviembre.<\/p>\n<p>El anuncio a un sector de la poblaci\u00f3n que todav\u00eda no hab\u00eda sido alcanzada por ninguna de las medidas que se tomaron previamente, lo hizo acompa\u00f1ado por la directora ejecutiva de\u00a0ANSES, Fernanda Raverta.<\/p>\n<p>Seg\u00fan mencion\u00f3 el ministro, ser\u00e1 para: \u00ablos que hacen changas, los que tienen trabajo por su cuenta, que no est\u00e1n dentro del monotributo, que no son trabajadores en relaci\u00f3n de dependencia\u00bb, explic\u00f3.<\/p>\n<p>\u00ab<strong>Hemos tomado la decisi\u00f3n de apoyar, de reforzar sus ingresos con dos canastas b\u00e1sicas que de alguna manera representan 47 mil pesos para un adulto para los meses de octubre y noviembre, que se tramitar\u00e1 desde el d\u00eda de ma\u00f1ana a trav\u00e9s del sistema de ANSES<\/strong>\u00ab, anunci\u00f3 el titular de Hacienda.<\/p>\n<p>\u00abA los efectos de que esta medida no termine afectando las cuentas p\u00fablicas y mantengamos el orden fiscal, sin que eso nos imposibilite llegar a los sectores m\u00e1s vulnerables como es este caso, es que hemos tomado la decisi\u00f3n de\u00a0<strong>cobrarle un anticipo extraordinario de ganancias a aquellos sectores que fueron los grandes ganadores de la devaluaci\u00f3n impuesta por el FMI, centralmente bancos, compa\u00f1\u00edas financieras y compa\u00f1\u00edas de seguro<\/strong>\u00a0que ser\u00e1n notificadas en el d\u00eda de ma\u00f1ana por la AFIP a los efectos de realizar el pago del anticipo de ganancias\u00bb, expres\u00f3.<\/p>\n<p>La\u00a0<strong>inscripci\u00f3n estar\u00e1 disponible a partir de ma\u00f1ana mi\u00e9rcoles 27 de septiembre<\/strong>\u00a0a las 14 horas, y permanecer\u00e1 abierta durante todo el mes de octubre.<\/p>\n<p>Se podr\u00e1 realizar exclusivamente a trav\u00e9s de la web del organismo\u00a0<a href=\"https:\/\/www.anses.gob.ar\/\">www.anses.gob.ar<\/a>\u00a0o de la aplicaci\u00f3n Mi ANSES, todos los d\u00edas de 14 a 22 horas.<\/p>\n<p><strong>Para acceder a este refuerzo, las personas no deber\u00e1n tener:<\/strong><\/p>\n<ul>\n<li>\u00a0Trabajo registrado (relaci\u00f3n de dependencia, aut\u00f3nomos, monotributo, monotributo social y casas particulares).<\/li>\n<li>Jubilaci\u00f3n o pensi\u00f3n.<\/li>\n<li>AUH, AUE, Asignaciones familiares o Progresar.<\/li>\n<li>Planes sociales (por ejemplo, Potenciar Trabajo).<\/li>\n<li>Prestaci\u00f3n por desempleo.<\/li>\n<\/ul>\n<p>Es un refuerzo para trabajadores y trabajadoras informales de entre 18 y 64 a\u00f1os, que no cuentan con ingresos registrados ni perciben ning\u00fan tipo de asistencia econ\u00f3mica del Estado, como la Asignaci\u00f3n Universal por Hijo (AUH), las becas Progresar o el Potenciar Trabajo. <strong>(VW)<\/strong><\/p>\n","protected":false},"excerpt":{"rendered":"<p>Sergio Massa anunci\u00f3 un refuerzo ingresos para trabajadores informales de $94 mil, dividido en dos cuotas desde octubre. Hay que inscribirse.<\/p>\n","protected":false},"author":4,"featured_media":11963,"comment_status":"closed","ping_status":"closed","sticky":false,"template":"","format":"standard","meta":{"_monsterinsights_skip_tracking":false,"_monsterinsights_sitenote_active":false,"_monsterinsights_sitenote_note":"","_monsterinsights_sitenote_category":0,"footnotes":""},"categories":[6,5],"tags":[300,869,4978,801,4977],"class_list":["post-11962","post","type-post","status-publish","format-standard","has-post-thumbnail","hentry","category-economia","category-sociedad","tag-anses","tag-massa","tag-octubre-y-noviembre","tag-raverta","tag-refuerzo-para-trabajadores-informales"],"_links":{"self":[{"href":"https:\/\/www.visionweb.com.ar\/index.php?rest_route=\/wp\/v2\/posts\/11962","targetHints":{"allow":["GET"]}}],"collection":[{"href":"https:\/\/www.visionweb.com.ar\/index.php?rest_route=\/wp\/v2\/posts"}],"about":[{"href":"https:\/\/www.visionweb.com.ar\/index.php?rest_route=\/wp\/v2\/types\/post"}],"author":[{"embeddable":true,"href":"https:\/\/www.visionweb.com.ar\/index.php?rest_route=\/wp\/v2\/users\/4"}],"replies":[{"embeddable":true,"href":"https:\/\/www.visionweb.com.ar\/index.php?rest_route=%2Fwp%2Fv2%2Fcomments&post=11962"}],"version-history":[{"count":1,"href":"https:\/\/www.visionweb.com.ar\/index.php?rest_route=\/wp\/v2\/posts\/11962\/revisions"}],"predecessor-version":[{"id":11964,"href":"https:\/\/www.visionweb.com.ar\/index.php?rest_route=\/wp\/v2\/posts\/11962\/revisions\/11964"}],"wp:featuredmedia":[{"embeddable":true,"href":"https:\/\/www.visionweb.com.ar\/index.php?rest_route=\/wp\/v2\/media\/11963"}],"wp:attachment":[{"href":"https:\/\/www.visionweb.com.ar\/index.php?rest_route=%2Fwp%2Fv2%2Fmedia&parent=11962"}],"wp:term":[{"taxonomy":"category","embeddable":true,"href":"https:\/\/www.visionweb.com.ar\/index.php?rest_route=%2Fwp%2Fv2%2Fcategories&post=11962"},{"taxonomy":"post_tag","embeddable":true,"href":"https:\/\/www.visionweb.com.ar\/index.php?rest_route=%2Fwp%2Fv2%2Ftags&post=11962"}],"curies":[{"name":"wp","href":"https:\/\/api.w.org\/{rel}","templated":true}]}}