{"id":11956,"date":"2023-09-26T17:42:41","date_gmt":"2023-09-26T20:42:41","guid":{"rendered":"https:\/\/www.visionweb.com.ar\/?p=11956"},"modified":"2023-09-26T17:42:41","modified_gmt":"2023-09-26T20:42:41","slug":"hoy-se-celebra-el-dia-del-baston-verde-que-utilizan-las-personas-con-baja-vision","status":"publish","type":"post","link":"https:\/\/www.visionweb.com.ar\/?p=11956","title":{"rendered":"Hoy se celebra el D\u00eda del Bast\u00f3n Verde, que utilizan las personas con baja visi\u00f3n"},"content":{"rendered":"<p><em><strong>La preponderancia de este instrumento que permite que los dem\u00e1s puedan reconocer las dificultades visuales de los usuarios que los llevan, seg\u00fan su color.<\/strong><\/em><!--more--><\/p>\n<p><strong> <img loading=\"lazy\" decoding=\"async\" class=\"size-medium wp-image-11957 alignright\" src=\"https:\/\/www.visionweb.com.ar\/wp-content\/uploads\/2023\/09\/baston-verde-2-300x195.png\" alt=\"\" width=\"300\" height=\"195\" srcset=\"https:\/\/www.visionweb.com.ar\/wp-content\/uploads\/2023\/09\/baston-verde-2-300x195.png 300w, https:\/\/www.visionweb.com.ar\/wp-content\/uploads\/2023\/09\/baston-verde-2.png 368w\" sizes=\"auto, (max-width: 300px) 100vw, 300px\" \/> C<\/strong>ada 26 de septiembre se celebra el\u00a0<strong>D\u00eda del Bast\u00f3n Verde<\/strong>, para visibilizar la importancia d<strong>e su uso, como instrumento que brinda autonom\u00eda y sirve de orientaci\u00f3n y movilidad para las personas con baja visi\u00f3n<\/strong>.<\/p>\n<p>Tambi\u00e9n sirve como <strong>un elemento de identificaci\u00f3n<\/strong> para que las dem\u00e1s personas puedan ofrecer ayuda a los que lo utilizan.<\/p>\n<p>Se trata de una herramienta de autonom\u00eda creada por una docente uruguaya, e instaurada en Argentina en 2002, con la\u00a0<strong>Ley Nacional N\u00b025.682<\/strong>.<\/p>\n<p>En ese sentido, el\u00a0<strong>Ministerio de Salud de la provincia de Buenos Aires<\/strong>\u00a0<a href=\"https:\/\/twitter.com\/SaludBAP\/status\/1706630380130914623\">en su cuenta de Twitter<\/a>, inform\u00f3 que esta herramienta<strong>\u00a0\u00abnos advierte que la persona que est\u00e1 circulando puede necesitar ayuda en sus movimientos\u00bb<\/strong>.<\/p>\n<p>Cabe destacar que es importante comprender que los bastones de las personas con discapacidad visual se diferencian seg\u00fan su color:<\/p>\n<ul>\n<li><strong>Blanco<\/strong>: lo utilizan las personas ciegas.<\/li>\n<li><strong>Verde<\/strong>: lo utilizan las personas de baja visi\u00f3n.<\/li>\n<li><strong>Rojo y blanco<\/strong>: lo utilizan las personas con sordoceguera.<\/li>\n<\/ul>\n<p>La cartera sanitaria tambi\u00e9n lanz\u00f3 algunas sugerencias para brindar ayuda a personas con baja visi\u00f3n:<\/p>\n<p>Acercarse y consultar si necesita algo.<\/p>\n<p>En vez de tomarla del brazo, dejar que la persona se tome de nuestro hombro.<\/p>\n<p>Avisarle cuando se acerca el cord\u00f3n.<\/p>\n<p>Dar indicaciones precisas tomando como referencia a su persona.<\/p>\n<p><strong>C\u00f3mo naci\u00f3 el bast\u00f3n verde:<\/strong><\/p>\n<p>La inspiradora historia de la creaci\u00f3n de este instrumento se remonta a la iniciativa de\u00a0Perla Catherine Mayo (MN 76388)\u00a0una\u00a0profesora uruguaya de educaci\u00f3n especial que decidi\u00f3 establecerse en Argentina.<\/p>\n<p>Mayo es la mente brillante detr\u00e1s del bast\u00f3n verde, y lo concibi\u00f3, entre otras cosas,\u00a0como un objeto de orientaci\u00f3n y movilidad que <strong>distingue a las personas con baja visi\u00f3n de aquellas con ceguera total<\/strong>.<\/p>\n<p>Y todo comenz\u00f3 con una experiencia personal de la profesora Mayo con\u00a0una alumna llamada Anal\u00eda, quien ten\u00eda problemas en la vista y utilizaba un\u00a0bast\u00f3n blanco -que identifica a las personas ciegas- y un certificado de discapacidad por ceguera.<\/p>\n<p>Ah\u00ed fue donde\u00a0la profesora identific\u00f3 este desaf\u00edo de la vida diaria, ya que era esencial que las personas pudieran distinguir entre quienes tienen una disminuci\u00f3n visual y quienes est\u00e1n completamente ciegos, y se propuso buscar una soluci\u00f3n.<\/p>\n<p>Luego esta iniciativa se extendi\u00f3 por el mundo, con una respuesta general abrumadoramente positiva, y como resultado, varias legislaciones alrededor del mundo han reconocido la importancia de este instrumento. Se concret\u00f3 una Ley en 2002 en Argentina, luego en 2011 en Uruguay, 2018 en Brasil; y fue presentada en Colombia, Ecuador, Per\u00fa, Costa Rica y Honduras. <strong>(VW)<\/strong><\/p>\n","protected":false},"excerpt":{"rendered":"<p>La preponderancia de este instrumento que permite que los dem\u00e1s puedan reconocer las dificultades visuales de los usuarios que los llevan, seg\u00fan su color.<\/p>\n","protected":false},"author":4,"featured_media":11957,"comment_status":"closed","ping_status":"closed","sticky":false,"template":"","format":"standard","meta":{"_monsterinsights_skip_tracking":false,"_monsterinsights_sitenote_active":false,"_monsterinsights_sitenote_note":"","_monsterinsights_sitenote_category":0,"footnotes":""},"categories":[8,5],"tags":[4973,4974],"class_list":["post-11956","post","type-post","status-publish","format-standard","has-post-thumbnail","hentry","category-interes-general","category-sociedad","tag-dia-del-baston-verde","tag-personas-con-baja-vision"],"_links":{"self":[{"href":"https:\/\/www.visionweb.com.ar\/index.php?rest_route=\/wp\/v2\/posts\/11956","targetHints":{"allow":["GET"]}}],"collection":[{"href":"https:\/\/www.visionweb.com.ar\/index.php?rest_route=\/wp\/v2\/posts"}],"about":[{"href":"https:\/\/www.visionweb.com.ar\/index.php?rest_route=\/wp\/v2\/types\/post"}],"author":[{"embeddable":true,"href":"https:\/\/www.visionweb.com.ar\/index.php?rest_route=\/wp\/v2\/users\/4"}],"replies":[{"embeddable":true,"href":"https:\/\/www.visionweb.com.ar\/index.php?rest_route=%2Fwp%2Fv2%2Fcomments&post=11956"}],"version-history":[{"count":1,"href":"https:\/\/www.visionweb.com.ar\/index.php?rest_route=\/wp\/v2\/posts\/11956\/revisions"}],"predecessor-version":[{"id":11958,"href":"https:\/\/www.visionweb.com.ar\/index.php?rest_route=\/wp\/v2\/posts\/11956\/revisions\/11958"}],"wp:featuredmedia":[{"embeddable":true,"href":"https:\/\/www.visionweb.com.ar\/index.php?rest_route=\/wp\/v2\/media\/11957"}],"wp:attachment":[{"href":"https:\/\/www.visionweb.com.ar\/index.php?rest_route=%2Fwp%2Fv2%2Fmedia&parent=11956"}],"wp:term":[{"taxonomy":"category","embeddable":true,"href":"https:\/\/www.visionweb.com.ar\/index.php?rest_route=%2Fwp%2Fv2%2Fcategories&post=11956"},{"taxonomy":"post_tag","embeddable":true,"href":"https:\/\/www.visionweb.com.ar\/index.php?rest_route=%2Fwp%2Fv2%2Ftags&post=11956"}],"curies":[{"name":"wp","href":"https:\/\/api.w.org\/{rel}","templated":true}]}}