{"id":11955,"date":"2023-09-26T18:03:59","date_gmt":"2023-09-26T21:03:59","guid":{"rendered":"https:\/\/www.visionweb.com.ar\/?p=11955"},"modified":"2023-09-26T18:03:59","modified_gmt":"2023-09-26T21:03:59","slug":"bullrich-pidio-a-kicillof-liberar-los-fondos-comprometidos-para-los-municipios-de-jxc","status":"publish","type":"post","link":"https:\/\/www.visionweb.com.ar\/?p=11955","title":{"rendered":"Bullrich pidi\u00f3 a Kicillof  liberar los fondos comprometidos para los municipios de JxC"},"content":{"rendered":"<p><em><strong>Grindetti asegur\u00f3 que el gobierno de Axel Kicillof le debe a los municipios de Juntos por el Cambio m\u00e1s de 10.000 millones de pesos. Si esos fondos no se liberan, los municipios de la oposici\u00f3n\u00a0 ir\u00e1n a la Justicia.<\/strong><\/em>\u00a0 <!--more--><\/p>\n<p><strong><img loading=\"lazy\" decoding=\"async\" class=\"size-medium wp-image-11959 alignright\" src=\"https:\/\/www.visionweb.com.ar\/wp-content\/uploads\/2023\/09\/BULLRICH-EN-LANUS-300x225.png\" alt=\"\" width=\"300\" height=\"225\" srcset=\"https:\/\/www.visionweb.com.ar\/wp-content\/uploads\/2023\/09\/BULLRICH-EN-LANUS-300x225.png 300w, https:\/\/www.visionweb.com.ar\/wp-content\/uploads\/2023\/09\/BULLRICH-EN-LANUS-320x240.png 320w, https:\/\/www.visionweb.com.ar\/wp-content\/uploads\/2023\/09\/BULLRICH-EN-LANUS.png 640w\" sizes=\"auto, (max-width: 300px) 100vw, 300px\" \/>L<\/strong>a candidata a la Presidencia de de la Naci\u00f3n, Patricia Bullricho, acus\u00f3 hoy al gobernador bonaerense Axel Kicillof de quedarse con el dinero que le corresponden a los municipios\u00a0 de Juntos por el Cambio \u00abdinero que tiene que devolver de manera inmediata\u00bb, puntualiz\u00f3.<\/p>\n<p>\u00abEsto es la discrecionalidad, el abuso del funcionario con el uso del dinero de la gente para distribuirlo entre sus intendentes (en referencia a los mandatarios de Uni\u00f3n por la Patria ex Frente de la Victoria), y no de Juntos por el Cambio, los intendentes representan a la gente, a quienes le esta sacando la seguridad\u00bb, detall\u00f3 la Candidata a la Presidencia.<\/p>\n<p>Bullrich visit\u00f3 este martes el distrito de Lan\u00fas para participar, junto al candidato a Gobernador N\u00e9stor Grindetti de la inauguraci\u00f3n de las nuevas instalaciones del Centro de Monitoreo.<\/p>\n<p>La ex ministra de Seguridad de la Naci\u00f3n, estaba acompa\u00f1ada, adem\u00e1s de Grindetti, por el intendente interino local y actual candidato a intendente de Lan\u00fas, Diego Kravetz y los diputados nacionales, Cristian Ritondo y Diego Santilli.<\/p>\n<p>La candidata de Juntos por el Cambio a la Presidencia de la Naci\u00f3n, en di\u00e1logo con los periodistas, frente a una consulta sobre los anuncios del ministro de Econom\u00eda y candidato a la Presidencia de UxP, Sergio Massa, asegur\u00f3 que: \u00abEstamos hartos de su fiesta que hace con la plata de la gente, para hacer campa\u00f1a. Basta de gastar la plata de la gente, es el peor ministro de Econom\u00eda que hemos tenido, que nos llevo a la pero inflaci\u00f3n y nos est\u00e1 dejando desbastados\u00bb<\/p>\n<p>Bullrich y Grindetti, Juntos supervisaron el tramo final de la obra de ampliaci\u00f3n y remodelaci\u00f3n del Centro Unificado de Comando y Control de Lan\u00fas.<\/p>\n<p><img loading=\"lazy\" decoding=\"async\" class=\"size-medium wp-image-11960 alignleft\" src=\"https:\/\/www.visionweb.com.ar\/wp-content\/uploads\/2023\/09\/BULLRICH-Y-LARRETA-300x200.png\" alt=\"\" width=\"300\" height=\"200\" srcset=\"https:\/\/www.visionweb.com.ar\/wp-content\/uploads\/2023\/09\/BULLRICH-Y-LARRETA-300x200.png 300w, https:\/\/www.visionweb.com.ar\/wp-content\/uploads\/2023\/09\/BULLRICH-Y-LARRETA.png 640w\" sizes=\"auto, (max-width: 300px) 100vw, 300px\" \/>Mientras Bullrich se desped\u00eda de un grupo de militantes y funcionarios municipales, se acerc\u00f3 a ella un hombre mayor, vestido con la camiseta de Racing Club, tom\u00f3 la mano dela Candidata y le pidi\u00f3, con l\u00e1grimas en los ojos,\u00a0 \u00abPor favor s\u00e1quenos de esta crisis\u00bb, si llega a la Presidencia. La candidata, con el rostro emocionado, se quebr\u00f3 y solo atino a darle un beso al militante.<\/p>\n<p>Finalizado el acto, el actual Jefe de Gobierno de la Ciudad, Horacio Rodr\u00edguez Larreta, se sum\u00f3 a los presentes subi\u00e9ndose a la \u201cPatoneta\u201d, para juntos dirigirse a Lomas de Zamora, donde fueron recibidos por una multitud en el acto encabezado por el candidato a intendente local, Guillermo Vi\u00f1uales.<\/p>\n<p>Dirigi\u00e9ndose a los presentes, Bullrich destac\u00f3 el enorme trabajo llevado adelante por Diego Kravetz en materia de seguridad en Lan\u00fas.<\/p>\n<p><strong>La seguridad<\/strong><\/p>\n<p>En ese sentido, expres\u00f3: \u201cTodos los que nos est\u00e1n mirando saben perfectamente que estaban mejor cuando nosotros est\u00e1bamos a cargo de la seguridad. En los municipios como el de Lan\u00fas, en la provincia, en la ciudad de Buenos Aires, en el pa\u00eds entero.\u201d<\/p>\n<p>\u201cPorque perseguimos a todos y cada uno de los narcotraficantes y de los criminales. Porque agarramos a los pr\u00f3fugos, bajamos la tasa de homicidio, logramos que la gente sintiese que nosotros ten\u00edamos un orden claro, primero los ciudadanos.\u201d<\/p>\n<p>\u201cNuestra prioridad es proteger a las v\u00edctimas, cuidar a la polic\u00eda y no dejarla sola. Que se termine en el mundo del rev\u00e9s, donde los delincuentes son los que tienen derechos y los polic\u00edas terminan presos. Saben que ese es nuestro orden de valores.\u201d<\/p>\n<p>En otro tramo de la conferencia de prensa que la candidata ofreci\u00f3 en el hall central del edificio municipal, la candidata aludi\u00f3 otra vez a Massa y dijo \u201cMassa, no vale hacer desastres en la econom\u00eda, desastres que est\u00e1n pagando los jubilados con jubilaciones realmente indignantes, los trabajadores, los cuentapropistas, los que tienen comercios, los que tienen f\u00e1bricas, todos le est\u00e1n pagando su fiesta\u00bb, subray\u00f3.<\/p>\n<p>\u00abBasta de gastarse la plata de los argentinos, no es suya. Siempre creyeron que la plata era de ustedes, por eso fue el periodo m\u00e1s corrupto de la historia argentina, esto se termina, no vamos a aceptar nunca m\u00e1s que la plata de los argentinos termine en los bolsillos y bolsos de los funcionarios\u201d. remat\u00f3 Bullrich.<\/p>\n<p><strong>El Centro de Comando y Control<\/strong><\/p>\n<p>Dentro de las remodelaciones que se llevaron adelante en el Centro Unificado de Comando y Control de Lanus se encuentra la construcci\u00f3n de un entrepiso donde se ubican los sectores de emergencias (Defensa Civil, SAME y Semaforizaci\u00f3n), la instalaci\u00f3n de una l\u00ednea de piso t\u00e9cnico para lograr una est\u00e9tica ordenada y acorde a las normas ISO, la creaci\u00f3n de una sala de descanso para el personal y la edificaci\u00f3n de una planta (todav\u00eda en obra) en la que se ubicar\u00e1n las oficinas de la Secretar\u00eda de Seguridad y Movilidad Sustentable.<\/p>\n<p>Por su parte, Grindetti expres\u00f3: \u201cEste centro de monitoreo es el aporte que realiza el municipio a la prevenci\u00f3n del delito. Cuando llegamos solo hab\u00eda un oficina con algunas computadoras, hoy tenemos este comando de control unificado y de \u00faltima tecnolog\u00eda que supervisa m\u00e1s de 1000 c\u00e1maras en todo el territorio, esto lo hacemos con recursos del municipio, haci\u00e9ndonos cargo de una problem\u00e1tica que es indelegable de la provincia\u201d.<\/p>\n<p>En ese sentido, lanz\u00f3 duras cr\u00edticas a Kicillof y asegur\u00f3 que: \u201cEl gobernador ha decidido discriminar y castigar a los m\u00e1s de 5 millones de vecinos que viven en municipios gobernador por intendentes de Juntos por el Cambio, solo por pensar distinto, nos deben m\u00e1s de 10 mil millones de pesos en obras y convenios firmados que est\u00e1n vencidos, nos obliga a tomar determinaciones y llevar este reclamos a la justicia si no se cumple lo comprometido\u201d<strong>(VW)<\/strong><\/p>\n","protected":false},"excerpt":{"rendered":"<p>Grindetti asegur\u00f3 que el gobierno de Axel Kicillof le debe a los municipios de Juntos por el Cambio m\u00e1s de 10.000 millones de pesos. Si esos fondos no se liberan, los municipios de la&#46;&#46;&#46;<\/p>\n","protected":false},"author":3,"featured_media":11959,"comment_status":"closed","ping_status":"closed","sticky":false,"template":"","format":"standard","meta":{"_monsterinsights_skip_tracking":false,"_monsterinsights_sitenote_active":false,"_monsterinsights_sitenote_note":"","_monsterinsights_sitenote_category":0,"footnotes":""},"categories":[4],"tags":[504,4975,4976,18,241],"class_list":["post-11955","post","type-post","status-publish","format-standard","has-post-thumbnail","hentry","category-politica","tag-bullrich","tag-dinero","tag-gente","tag-grindetti","tag-kravetz"],"_links":{"self":[{"href":"https:\/\/www.visionweb.com.ar\/index.php?rest_route=\/wp\/v2\/posts\/11955","targetHints":{"allow":["GET"]}}],"collection":[{"href":"https:\/\/www.visionweb.com.ar\/index.php?rest_route=\/wp\/v2\/posts"}],"about":[{"href":"https:\/\/www.visionweb.com.ar\/index.php?rest_route=\/wp\/v2\/types\/post"}],"author":[{"embeddable":true,"href":"https:\/\/www.visionweb.com.ar\/index.php?rest_route=\/wp\/v2\/users\/3"}],"replies":[{"embeddable":true,"href":"https:\/\/www.visionweb.com.ar\/index.php?rest_route=%2Fwp%2Fv2%2Fcomments&post=11955"}],"version-history":[{"count":1,"href":"https:\/\/www.visionweb.com.ar\/index.php?rest_route=\/wp\/v2\/posts\/11955\/revisions"}],"predecessor-version":[{"id":11961,"href":"https:\/\/www.visionweb.com.ar\/index.php?rest_route=\/wp\/v2\/posts\/11955\/revisions\/11961"}],"wp:featuredmedia":[{"embeddable":true,"href":"https:\/\/www.visionweb.com.ar\/index.php?rest_route=\/wp\/v2\/media\/11959"}],"wp:attachment":[{"href":"https:\/\/www.visionweb.com.ar\/index.php?rest_route=%2Fwp%2Fv2%2Fmedia&parent=11955"}],"wp:term":[{"taxonomy":"category","embeddable":true,"href":"https:\/\/www.visionweb.com.ar\/index.php?rest_route=%2Fwp%2Fv2%2Fcategories&post=11955"},{"taxonomy":"post_tag","embeddable":true,"href":"https:\/\/www.visionweb.com.ar\/index.php?rest_route=%2Fwp%2Fv2%2Ftags&post=11955"}],"curies":[{"name":"wp","href":"https:\/\/api.w.org\/{rel}","templated":true}]}}