{"id":11952,"date":"2023-09-26T13:57:36","date_gmt":"2023-09-26T16:57:36","guid":{"rendered":"https:\/\/www.visionweb.com.ar\/?p=11952"},"modified":"2023-09-26T13:57:36","modified_gmt":"2023-09-26T16:57:36","slug":"lanus-y-esteban-echeverria-solicitaron-asistencia-para-pagar-el-bono-a-municipales","status":"publish","type":"post","link":"https:\/\/www.visionweb.com.ar\/?p=11952","title":{"rendered":"Lan\u00fas y Esteban Echeverr\u00eda solicitaron asistencia para pagar el bono a municipales"},"content":{"rendered":"<p><em><strong>El municipio de Lan\u00fas, d\u00edas atr\u00e1s hab\u00eda comprometido su palabra de abonar el Bono a los trabajadores disuesto por el gobierno nacional.<\/strong><\/em><!--more--><\/p>\n<div id=\"attachment_11953\" style=\"width: 310px\" class=\"wp-caption alignright\"><img loading=\"lazy\" decoding=\"async\" aria-describedby=\"caption-attachment-11953\" class=\"wp-image-11953 size-medium\" src=\"https:\/\/www.visionweb.com.ar\/wp-content\/uploads\/2023\/09\/HACIENDA-DE-PROVINCIA-DE-BUENOS-AIRES-300x187.png\" alt=\"\" width=\"300\" height=\"187\" srcset=\"https:\/\/www.visionweb.com.ar\/wp-content\/uploads\/2023\/09\/HACIENDA-DE-PROVINCIA-DE-BUENOS-AIRES-300x187.png 300w, https:\/\/www.visionweb.com.ar\/wp-content\/uploads\/2023\/09\/HACIENDA-DE-PROVINCIA-DE-BUENOS-AIRES.png 640w\" sizes=\"auto, (max-width: 300px) 100vw, 300px\" \/><p id=\"caption-attachment-11953\" class=\"wp-caption-text\"><strong><em>Pablo Julio L\u00f3pez, ministro de Hacienda y Finanzas de la provincia de Buenos Aires (Foto: Prensa PBA) <\/em><\/strong><\/p><\/div>\n<p><strong>E<\/strong>l ministro de Hacienda y Finanzas, Pablo L\u00f3pez, encabez\u00f3 las firmas de las actas que oficializan la asistencia a los primeros 23 municipios que solicitaron la asistencia del Fondo Especial de Asignaciones Extraordinarias Salariales, que tiene como objetivo contribuir al refuerzo salarial de las y los trabajadores municipales con hasta el 50% del pago de la suma fija. Esteban Echeverr\u00eda y Lan\u00fas solicitaron la asistencia.<\/p>\n<p>Los recursos son otorgados previa solicitud de cada municipio y se reintegrar\u00e1n en diciembre.<\/p>\n<p>En la primera jornada, suscribieron la adhesi\u00f3n la intendenta Mariel Fern\u00e1ndez, de Moreno, y los intendentes Andr\u00e9s Watson, de Florencio Varela; Federico Ach\u00e1val, de Pilar; Juan Jos\u00e9 Mussi, de Berazategui; Ricardo Curutchet, de Marcos Paz; Carlos Alberto S\u00e1nchez, de Tres Arroyos; Mariano Barroso, de 9 de Julio; Pablo Jos\u00e9 Torres, de Laprida; Marcelo Santill\u00e1n, de Adolfo Gonz\u00e1les Ch\u00e1ves; Sergio Bordoni, de Tornquist, y Rom\u00e1n Bouvier, de Rojas.<\/p>\n<p>Tambi\u00e9n Lisandro Matzkin, de Coronel Pringles; Lucas Ghi, de Mor\u00f3n; Mauro Garc\u00eda, de General Rodr\u00edguez; Iv\u00e1n Villagr\u00e1n, de Carmen de Areco; Fernando Moreira, de General San Martin; Fabi\u00e1n Cagliardi, de Berisso; Daniel Stadnik, de Carlos Casares; Leonardo Boto, de Luj\u00e1n, Esteban Sanzio, de Baradero; Juan Ignacio Ustarroz, de Mercedes; Diego Nanni, de Exaltaci\u00f3n de la Cruz, y Jorge Carrera, de Tres Lomas.<\/p>\n<p>\u201cMediante esta firma se concreta el \u00faltimo paso administrativo para que los municipios que solicitaron la asistencia puedan hacer frente al pago de una suma fija a sus trabajadores.<\/p>\n<p>De esta forma, la provincia contribuye a que el refuerzo establecido por el gobierno nacional llegue a la mayor cantidad de trabajadores y trabajadoras municipales, como ya lo asegur\u00f3 para las y los trabajadores provinciales\u201d, expres\u00f3 L\u00f3pez.<\/p>\n<p>\u201cComo marca el gobernador Axel Kicillof, desde el inicio de nuestra gesti\u00f3n trabajamos coordinadamente con los municipios con el objetivo de hacer llegar pol\u00edticas que den respuesta a las necesidades de cada bonaerense\u201d, indic\u00f3 el funcionario.<\/p>\n<p>Tambi\u00e9n solicitaron la asistencia, y estar\u00e1n firmando la adhesi\u00f3n en los pr\u00f3ximos d\u00edas, los municipios de Ituzaing\u00f3, La Costa, Punta Indio, Villa Gesell, General Pinto, Castelli, General Paz, Chascom\u00fas, Las Flores, Tapalqu\u00e9, Villarino, General Lamadrid, La Plata, Coronel Rosales, Carmen de Patagones, Coronel Su\u00e1rez, Monte Hermoso, General Alvarado, Mar Chiquita, Bol\u00edvar, La Costa, Guamin\u00ed, Hip\u00f3lito Yrigoyen, Tordillo, Pila, Daireaux, Ca\u00f1uelas, Esteban Echeverr\u00eda, General Las Heras, Rivadavia, Rauch, San Cayetano, Lan\u00fas, Lezama y Salto<strong>(VW)<\/strong>.<\/p>\n","protected":false},"excerpt":{"rendered":"<p>El municipio de Lan\u00fas, d\u00edas atr\u00e1s hab\u00eda comprometido su palabra de abonar el Bono a los trabajadores disuesto por el gobierno nacional.<\/p>\n","protected":false},"author":3,"featured_media":11953,"comment_status":"closed","ping_status":"closed","sticky":false,"template":"","format":"standard","meta":{"_monsterinsights_skip_tracking":false,"_monsterinsights_sitenote_active":false,"_monsterinsights_sitenote_note":"","_monsterinsights_sitenote_category":0,"footnotes":""},"categories":[4],"tags":[1248,148,4972],"class_list":["post-11952","post","type-post","status-publish","format-standard","has-post-thumbnail","hentry","category-politica","tag-bono","tag-municipios","tag-pedidos"],"_links":{"self":[{"href":"https:\/\/www.visionweb.com.ar\/index.php?rest_route=\/wp\/v2\/posts\/11952","targetHints":{"allow":["GET"]}}],"collection":[{"href":"https:\/\/www.visionweb.com.ar\/index.php?rest_route=\/wp\/v2\/posts"}],"about":[{"href":"https:\/\/www.visionweb.com.ar\/index.php?rest_route=\/wp\/v2\/types\/post"}],"author":[{"embeddable":true,"href":"https:\/\/www.visionweb.com.ar\/index.php?rest_route=\/wp\/v2\/users\/3"}],"replies":[{"embeddable":true,"href":"https:\/\/www.visionweb.com.ar\/index.php?rest_route=%2Fwp%2Fv2%2Fcomments&post=11952"}],"version-history":[{"count":1,"href":"https:\/\/www.visionweb.com.ar\/index.php?rest_route=\/wp\/v2\/posts\/11952\/revisions"}],"predecessor-version":[{"id":11954,"href":"https:\/\/www.visionweb.com.ar\/index.php?rest_route=\/wp\/v2\/posts\/11952\/revisions\/11954"}],"wp:featuredmedia":[{"embeddable":true,"href":"https:\/\/www.visionweb.com.ar\/index.php?rest_route=\/wp\/v2\/media\/11953"}],"wp:attachment":[{"href":"https:\/\/www.visionweb.com.ar\/index.php?rest_route=%2Fwp%2Fv2%2Fmedia&parent=11952"}],"wp:term":[{"taxonomy":"category","embeddable":true,"href":"https:\/\/www.visionweb.com.ar\/index.php?rest_route=%2Fwp%2Fv2%2Fcategories&post=11952"},{"taxonomy":"post_tag","embeddable":true,"href":"https:\/\/www.visionweb.com.ar\/index.php?rest_route=%2Fwp%2Fv2%2Ftags&post=11952"}],"curies":[{"name":"wp","href":"https:\/\/api.w.org\/{rel}","templated":true}]}}