{"id":11943,"date":"2023-09-25T14:20:49","date_gmt":"2023-09-25T17:20:49","guid":{"rendered":"https:\/\/www.visionweb.com.ar\/?p=11943"},"modified":"2023-09-25T14:23:19","modified_gmt":"2023-09-25T17:23:19","slug":"hoy-se-cumplen-40-anos-de-la-aparicion-de-la-virgen-del-rosario-de-san-nicolas","status":"publish","type":"post","link":"https:\/\/www.visionweb.com.ar\/?p=11943","title":{"rendered":"Hoy se cumplen 40 a\u00f1os de la aparici\u00f3n de la Virgen del Rosario de San Nicol\u00e1s"},"content":{"rendered":"<p><em><strong>La feligres\u00eda cat\u00f3lica recuerda este 25 de septiembre la primera aparici\u00f3n de la Virgen del Rosario de San Nicol\u00e1s.<\/strong><\/em><!--more--><\/p>\n<div id=\"attachment_11944\" style=\"width: 310px\" class=\"wp-caption alignright\"><img loading=\"lazy\" decoding=\"async\" aria-describedby=\"caption-attachment-11944\" class=\"wp-image-11944 size-medium\" src=\"https:\/\/www.visionweb.com.ar\/wp-content\/uploads\/2023\/09\/La-Virgen-del-Rosairo-300x198.png\" alt=\"\" width=\"300\" height=\"198\" srcset=\"https:\/\/www.visionweb.com.ar\/wp-content\/uploads\/2023\/09\/La-Virgen-del-Rosairo-300x198.png 300w, https:\/\/www.visionweb.com.ar\/wp-content\/uploads\/2023\/09\/La-Virgen-del-Rosairo.png 640w\" sizes=\"auto, (max-width: 300px) 100vw, 300px\" \/><p id=\"caption-attachment-11944\" class=\"wp-caption-text\"><em><strong>Hoy se cumplen 40 a\u00f1os de la primer aparici\u00f3n de la Virgen del Rosario de San Nicol\u00e1s (Foto: Agencia AICA) <\/strong><\/em><\/p><\/div>\n<p><strong>E<\/strong>ste lunes, miles de peregrinos provenientes de toda la Argentina,\u00a0 se congregan\u00a0 frente al templo de Nuestra Se\u00f1ora del Rosario de San Nicol\u00e1s, para recordar los 40 a\u00f1os de la primera aparici\u00f3n de la Santa en el \u00abEl Campito\u00bb, frente a las costas del R\u00edo Paran\u00e1, donde se erige el templo que se construy\u00f3 en su nombre.<\/p>\n<p>Una multitud de fieles arrib\u00f3 a la ciudad bonaerense de San Nicol\u00e1s para pedirle y agradecerle a la\u00a0<strong>Virgen del Rosario<\/strong>, en el marco de los 40 a\u00f1os del primer\u00a0<strong>acontecimiento mariano\u00a0<\/strong>en ese lugar, que se celebran este 25 de septiembre con el lema <strong>\u201cGracias Madre por entregarnos tu coraz\u00f3n en esta tierra bendita\u00bb<\/strong>.<\/p>\n<p>Tras la vigilia de oraci\u00f3n y la llegada de la imagen de san Cayetano y de san Nicol\u00e1s de Bari, patronos de la ciudad y de la di\u00f3cesis, el obispo local, monse\u00f1or\u00a0<strong><a href=\"https:\/\/aica.org\/obispo-santiago-hugo-norberto\" target=\"_blank\" rel=\"noopener\">Hugo Santiago<\/a><\/strong>, presidi\u00f3 la misa que dio inicio a esta jornada de celebraci\u00f3n.<\/p>\n<p>\u201cEn este nuevo cumplea\u00f1os, celebramos la belleza atrayente del coraz\u00f3n de Mar\u00eda, porque es la belleza de Dios que, no sin su \u2018h\u00e1gase\u2019 mediante, se hizo carne en Ella. Por eso, nos muestra el camino dici\u00e9ndonos: \u2018Hijitos, d\u00edganle no a la falsa atracci\u00f3n y a la fealdad de la violencia, el individualismo, las falsas promesas, la indiferencia, la insensibilidad, el activismo, la vanidad y el autocuidado&#8217;\u201d, se\u00f1al\u00f3 en la homil\u00eda.<\/p>\n<p>En ese sentido, la agencia AICA indic\u00f3 que el obispo Santiago pidi\u00f3 a los feligreses\u00a0\u201cCultiven m\u00e1s bien la belleza personal, que es la m\u00e1s valiosa y la que dura en el tiempo; cambien la fealdad de la violencia en la mirada por la belleza de una mirada de ternura que se compadece y acaricia. D\u00edganle \u2018s\u00ed\u2019 a la atracci\u00f3n de la belleza de Dios en Cristo\u201d, sostuvo.<\/p>\n<p>El religioso, asegur\u00f3 que Mar\u00eda alienta a cambiar este \u201cmundo feo\u201d y que dice: \u201cTienen la gracia del bautismo, que es la misma gracia de Dios que yo tuve: d\u00edganle \u2018s\u00ed\u2019, como yo, d\u00edganle \u2018h\u00e1gase en m\u00ed\u2019 a la voluntad de Dios que los invita a la cordialidad, el buen trato, la verdad, la empat\u00eda, la compasi\u00f3n acompa\u00f1ada con el gesto de ternura; ser\u00e1n as\u00ed bellas personas y pondr\u00e1n belleza, verdad y amor en las relaciones interpersonales. Har\u00e1n un mundo m\u00e1s bello\u201d.<\/p>\n<p><strong>Las se\u00f1ales<\/strong><\/p>\n<p>Un d\u00eda como hoy pero de 1983, la se\u00f1ora\u00a0<strong>Gladys Herminia Quiroga de Motta<\/strong>\u00a0rezaba el rosario en su habitaci\u00f3n cuando repentinamente se le present\u00f3 la imagen de la Virgen, vestida de azul, con el ni\u00f1o en brazos y un rosario en su mano.<\/p>\n<section class=\"detail-note_news-article\" data-td-script-src=\"https:\/\/infocielo.com\/js-custom\/vendor\/jquery\/dist\/jquery.min-min-version-1598404901.js,https:\/\/infocielo.com\/js-custom\/299\/functions\/checkTwitterQuoteHighlight-min-version-1630609180.js,https:\/\/infocielo.com\/js-custom\/299\/functions\/embedsVideosOnBody-min-version-1630609180.js\">\n<div class=\"detail-note_body\" data-twitter-link=\"https:\/\/twitter.com\/intent\/tweet?url=https%3A%2F%2Finfocielo.com%2Fc772277&amp;related=infocielo&amp;text=D%C3%ADa+de+la+Virgen+del+Rosario+de+San+Nicol%C3%A1s%3A+conoc%C3%A9+su+historia+a+40+a%C3%B1os+de+su+aparici%C3%B3n+&amp;via=infocielo\">\n<p>Seg\u00fan cont\u00f3 la mujer, le pidi\u00f3 que hiciera acu\u00f1ar medallas con la imagen de la advocaci\u00f3n de la Virgen del Rosario al frente, y la Sant\u00edsima Trinidad en el dorso. A su vez, la santa le manifest\u00f3 que quer\u00eda que le construyan una casa amplia para recibir a sus hijos. Al salir de su vivienda, Gladys observ\u00f3 que un rayo cay\u00f3 en donde hoy est\u00e1 ensamblado el templo.<\/p>\n<\/div>\n<\/section>\n<section class=\"detail-note_news-article\" data-td-script-src=\"https:\/\/infocielo.com\/js-custom\/vendor\/jquery\/dist\/jquery.min-min-version-1598404901.js,https:\/\/infocielo.com\/js-custom\/299\/functions\/checkTwitterQuoteHighlight-min-version-1630609180.js,https:\/\/infocielo.com\/js-custom\/299\/functions\/embedsVideosOnBody-min-version-1630609180.js\">\n<div class=\"detail-note_body\" data-twitter-link=\"https:\/\/twitter.com\/intent\/tweet?url=https%3A%2F%2Finfocielo.com%2Fc772277&amp;related=infocielo&amp;text=D%C3%ADa+de+la+Virgen+del+Rosario+de+San+Nicol%C3%A1s%3A+conoc%C3%A9+su+historia+a+40+a%C3%B1os+de+su+aparici%C3%B3n+&amp;via=infocielo\">\n<p>En ese lugar, donde hoy se levanta el santuario,\u00a0 lugar se puso una cruz como referencia y la gente empez\u00f3 a visitarlo para rezar el rosario. No obstante, antes de este episodio, en varios puntos de la ciudad ya se hab\u00edan observado manifestaciones cuando se iluminaban los rosarios de pared.<\/p>\n<p>Luego de las apariciones, la mujer se acerc\u00f3 a la iglesia local para hablar con el Padre Carlos P\u00e9rez y contarle sobre estos sucesos. Luego, ambos constataron que en un dep\u00f3sito de la Catedral de San Nicol\u00e1s de Bari yac\u00eda una imagen id\u00e9ntica a la descripci\u00f3n que hab\u00eda proporcionado Gladys: era la Sant\u00edsima Virgen del Rosario, que le faltaba la mano derecha y el rosario.<\/p>\n<p>Reci\u00e9n el 22 de mayo de 2016 la Iglesia, a trav\u00e9s de un decreto firmado por\u00a0<strong>Monse\u00f1or H\u00e9ctor Cardelli,<\/strong> obispo de San Nicol\u00e1s, reconoci\u00f3 oficialmente estos hechos divinos. Sin embargo, desde mucho antes miles de fieles se acercan cada 25 de septiembre al santuario de San Nicol\u00e1s, que se levanta en lo que se conoce como El Campito<strong>(VW)<\/strong>.<\/p>\n<\/div>\n<\/section>\n<p>&nbsp;<\/p>\n<p>&nbsp;<\/p>\n","protected":false},"excerpt":{"rendered":"<p>La feligres\u00eda cat\u00f3lica recuerda este 25 de septiembre la primera aparici\u00f3n de la Virgen del Rosario de San Nicol\u00e1s.<\/p>\n","protected":false},"author":3,"featured_media":11944,"comment_status":"closed","ping_status":"closed","sticky":false,"template":"","format":"standard","meta":{"_monsterinsights_skip_tracking":false,"_monsterinsights_sitenote_active":false,"_monsterinsights_sitenote_note":"","_monsterinsights_sitenote_category":0,"footnotes":""},"categories":[5],"tags":[4969,1868,4970,4968],"class_list":["post-11943","post","type-post","status-publish","format-standard","has-post-thumbnail","hentry","category-sociedad","tag-cumpleanos","tag-san-nicolas","tag-santuario","tag-virgen"],"_links":{"self":[{"href":"https:\/\/www.visionweb.com.ar\/index.php?rest_route=\/wp\/v2\/posts\/11943","targetHints":{"allow":["GET"]}}],"collection":[{"href":"https:\/\/www.visionweb.com.ar\/index.php?rest_route=\/wp\/v2\/posts"}],"about":[{"href":"https:\/\/www.visionweb.com.ar\/index.php?rest_route=\/wp\/v2\/types\/post"}],"author":[{"embeddable":true,"href":"https:\/\/www.visionweb.com.ar\/index.php?rest_route=\/wp\/v2\/users\/3"}],"replies":[{"embeddable":true,"href":"https:\/\/www.visionweb.com.ar\/index.php?rest_route=%2Fwp%2Fv2%2Fcomments&post=11943"}],"version-history":[{"count":3,"href":"https:\/\/www.visionweb.com.ar\/index.php?rest_route=\/wp\/v2\/posts\/11943\/revisions"}],"predecessor-version":[{"id":11947,"href":"https:\/\/www.visionweb.com.ar\/index.php?rest_route=\/wp\/v2\/posts\/11943\/revisions\/11947"}],"wp:featuredmedia":[{"embeddable":true,"href":"https:\/\/www.visionweb.com.ar\/index.php?rest_route=\/wp\/v2\/media\/11944"}],"wp:attachment":[{"href":"https:\/\/www.visionweb.com.ar\/index.php?rest_route=%2Fwp%2Fv2%2Fmedia&parent=11943"}],"wp:term":[{"taxonomy":"category","embeddable":true,"href":"https:\/\/www.visionweb.com.ar\/index.php?rest_route=%2Fwp%2Fv2%2Fcategories&post=11943"},{"taxonomy":"post_tag","embeddable":true,"href":"https:\/\/www.visionweb.com.ar\/index.php?rest_route=%2Fwp%2Fv2%2Ftags&post=11943"}],"curies":[{"name":"wp","href":"https:\/\/api.w.org\/{rel}","templated":true}]}}