{"id":11940,"date":"2023-09-25T12:09:50","date_gmt":"2023-09-25T15:09:50","guid":{"rendered":"https:\/\/www.visionweb.com.ar\/?p=11940"},"modified":"2023-09-25T12:09:50","modified_gmt":"2023-09-25T15:09:50","slug":"lanus-nuevo-taller-de-embarazo-y-crianza","status":"publish","type":"post","link":"https:\/\/www.visionweb.com.ar\/?p=11940","title":{"rendered":"Lan\u00fas: Nuevo taller de embarazo y crianza"},"content":{"rendered":"<p><em><strong>Otra nueva edici\u00f3n de talleres gratuitos que buscan apoyar, contener y brindar informaci\u00f3n a las mujeres\u00a0durante el embarazo y los primeros a\u00f1os de vida de sus beb\u00e9s, ser\u00e1 el pr\u00f3ximo\u00a0mi\u00e9rcoles 27 de septiembre.<\/strong><\/em><!--more--><\/p>\n<p><img loading=\"lazy\" decoding=\"async\" class=\"size-medium wp-image-11941 alignright\" src=\"https:\/\/www.visionweb.com.ar\/wp-content\/uploads\/2023\/09\/lanus-taller-embarazo-300x300.jpg\" alt=\"\" width=\"300\" height=\"300\" srcset=\"https:\/\/www.visionweb.com.ar\/wp-content\/uploads\/2023\/09\/lanus-taller-embarazo-300x300.jpg 300w, https:\/\/www.visionweb.com.ar\/wp-content\/uploads\/2023\/09\/lanus-taller-embarazo-150x150.jpg 150w, https:\/\/www.visionweb.com.ar\/wp-content\/uploads\/2023\/09\/lanus-taller-embarazo-80x80.jpg 80w, https:\/\/www.visionweb.com.ar\/wp-content\/uploads\/2023\/09\/lanus-taller-embarazo-320x320.jpg 320w, https:\/\/www.visionweb.com.ar\/wp-content\/uploads\/2023\/09\/lanus-taller-embarazo-65x65.jpg 65w, https:\/\/www.visionweb.com.ar\/wp-content\/uploads\/2023\/09\/lanus-taller-embarazo.jpg 424w\" sizes=\"auto, (max-width: 300px) 100vw, 300px\" \/>\u00a0\u00a0 <strong>E<\/strong>l Municipio de Lan\u00fas realizar\u00e1 un nuevo taller gratuito de Embarazo y Crianza el pr\u00f3ximo\u00a0<strong>mi\u00e9rcoles 27 de septiembre<\/strong>, organizado por la Secretar\u00eda de Salud comunal, con el objetivo de brindar un\u00a0<strong>espacio de contenci\u00f3n e informaci\u00f3n\u00a0<\/strong>durante la gestaci\u00f3n y los primeros a\u00f1os de los peque\u00f1os.<\/p>\n<p>De esta manera, el mi\u00e9rcoles 27 pr\u00f3ximo, se desarrollar\u00e1 este nuevo encuentro a las\u00a0<strong>10 horas,<\/strong>\u00a0en el Centro de Salud Arturo Illia, ubicado en Emilio Castro 2792, Lan\u00fas Oeste.<\/p>\n<p>El objetivo de esta iniciativa es continuar \u201cbrindando herramientas que ayuden a las vecinas a reforzar los cuidados de salud durante la gestaci\u00f3n y los primeros a\u00f1os de vida de sus hijos\u201d, inform\u00f3 Prensa del Municipio.<\/p>\n<p>Esta nueva actividad busca para mejorar la calidad de vida de las mujeres embarazadas mediante la generaci\u00f3n de un espacio para acompa\u00f1ar, guiar y preparar a las mujeres en los cambios f\u00edsicos y emocionales.<\/p>\n<p>Durante el encuentro se desarrollar\u00e1n cuestiones relacionadas a las siguientes tem\u00e1ticas:<\/p>\n<ul>\n<li>Consejer\u00eda sobre reducci\u00f3n de eventos obst\u00e9tricos adversos.<\/li>\n<li>Asesor\u00eda legal sobre parto respetado, violencia e identidad de g\u00e9nero.<\/li>\n<li>Contacto precoz con el reci\u00e9n nacido y lactancia materna.<\/li>\n<li>T\u00e9cnicas de relajaci\u00f3n y alivio de las molestias durante la gestaci\u00f3n y el trabajo de parto.<\/li>\n<\/ul>\n<p>Para participar, las inscripciones se realizan a trav\u00e9s del siguiente enlace:\u00a0<a href=\"http:\/\/www.lanus.gob.ar\/embarazoycrianza\">www.lanus.gob.ar\/embarazoycrianza<\/a>.<\/p>\n<p>la iniciativa brinda tambi\u00e9n la oportunidad de acceder a una\u00a0<strong>atenci\u00f3n integral oportuna de calidad<\/strong>, al tiempo que fortalece el contacto precoz con el reci\u00e9n nacido y la lactancia materna. <strong>(VW)<\/strong><\/p>\n","protected":false},"excerpt":{"rendered":"<p>Otra nueva edici\u00f3n de talleres gratuitos que buscan apoyar, contener y brindar informaci\u00f3n a las mujeres\u00a0durante el embarazo y los primeros a\u00f1os de vida de sus beb\u00e9s, ser\u00e1 el pr\u00f3ximo\u00a0mi\u00e9rcoles 27 de septiembre.<\/p>\n","protected":false},"author":4,"featured_media":11941,"comment_status":"closed","ping_status":"closed","sticky":false,"template":"","format":"standard","meta":{"_monsterinsights_skip_tracking":false,"_monsterinsights_sitenote_active":false,"_monsterinsights_sitenote_note":"","_monsterinsights_sitenote_category":0,"footnotes":""},"categories":[8,5],"tags":[2824,2042,4967],"class_list":["post-11940","post","type-post","status-publish","format-standard","has-post-thumbnail","hentry","category-interes-general","category-sociedad","tag-municipio-de-lanus","tag-secretaria-de-salud","tag-taller-de-embarazo-y-crianza"],"_links":{"self":[{"href":"https:\/\/www.visionweb.com.ar\/index.php?rest_route=\/wp\/v2\/posts\/11940","targetHints":{"allow":["GET"]}}],"collection":[{"href":"https:\/\/www.visionweb.com.ar\/index.php?rest_route=\/wp\/v2\/posts"}],"about":[{"href":"https:\/\/www.visionweb.com.ar\/index.php?rest_route=\/wp\/v2\/types\/post"}],"author":[{"embeddable":true,"href":"https:\/\/www.visionweb.com.ar\/index.php?rest_route=\/wp\/v2\/users\/4"}],"replies":[{"embeddable":true,"href":"https:\/\/www.visionweb.com.ar\/index.php?rest_route=%2Fwp%2Fv2%2Fcomments&post=11940"}],"version-history":[{"count":1,"href":"https:\/\/www.visionweb.com.ar\/index.php?rest_route=\/wp\/v2\/posts\/11940\/revisions"}],"predecessor-version":[{"id":11942,"href":"https:\/\/www.visionweb.com.ar\/index.php?rest_route=\/wp\/v2\/posts\/11940\/revisions\/11942"}],"wp:featuredmedia":[{"embeddable":true,"href":"https:\/\/www.visionweb.com.ar\/index.php?rest_route=\/wp\/v2\/media\/11941"}],"wp:attachment":[{"href":"https:\/\/www.visionweb.com.ar\/index.php?rest_route=%2Fwp%2Fv2%2Fmedia&parent=11940"}],"wp:term":[{"taxonomy":"category","embeddable":true,"href":"https:\/\/www.visionweb.com.ar\/index.php?rest_route=%2Fwp%2Fv2%2Fcategories&post=11940"},{"taxonomy":"post_tag","embeddable":true,"href":"https:\/\/www.visionweb.com.ar\/index.php?rest_route=%2Fwp%2Fv2%2Ftags&post=11940"}],"curies":[{"name":"wp","href":"https:\/\/api.w.org\/{rel}","templated":true}]}}