{"id":11938,"date":"2023-09-25T11:19:21","date_gmt":"2023-09-25T14:19:21","guid":{"rendered":"https:\/\/www.visionweb.com.ar\/?p=11938"},"modified":"2023-09-25T11:19:21","modified_gmt":"2023-09-25T14:19:21","slug":"dia-del-empleado-de-comercio-habra-locales-que-estaran-cerrados-este-lunes","status":"publish","type":"post","link":"https:\/\/www.visionweb.com.ar\/?p=11938","title":{"rendered":"D\u00eda del Empleado de Comercio: Habr\u00e1 locales que estar\u00e1n cerrados este lunes"},"content":{"rendered":"<p><em><strong>Hoy los empleados de comercio celebran su d\u00eda y tendr\u00e1n un feriado exclusivo, por lo cual algunos negocios no abrir\u00e1n sus puertas.\u00a0El objetivo de la iniciativa era ofrecer al personal del rubro un fin de semana de tres d\u00edas, aunque muchos trabajaron durante el fin de semana.<\/strong><\/em><!--more--><\/p>\n<p><strong><img loading=\"lazy\" decoding=\"async\" class=\"size-medium wp-image-11719 alignright\" src=\"https:\/\/www.visionweb.com.ar\/wp-content\/uploads\/2023\/09\/a-comercio-300x152.png\" alt=\"\" width=\"300\" height=\"152\" srcset=\"https:\/\/www.visionweb.com.ar\/wp-content\/uploads\/2023\/09\/a-comercio-300x152.png 300w, https:\/\/www.visionweb.com.ar\/wp-content\/uploads\/2023\/09\/a-comercio.png 406w\" sizes=\"auto, (max-width: 300px) 100vw, 300px\" \/>\u00a0 T<\/strong>odos los\u00a0<strong>26 de septiembre<\/strong>\u00a0se festeja el<strong> D\u00eda del Empleado de Comercio<\/strong> jornada en que los trabajadores del rubro tienen su merecido descanso, aunque este a\u00f1o la\u00a0<strong>Federaci\u00f3n Argentina de Empleados de Comercio y Servicios (Faecys)\u00a0<\/strong>modific\u00f3 la fecha de celebraci\u00f3n, adelant\u00e1ndolo para este<strong>\u00a0lunes 25 de septiembre<\/strong>, por lo cual algunos permanecer\u00e1n cerrados en el d\u00eda de hoy.<\/p>\n<p><strong>El feriado alcanza a supermercados, tiendas de ropa o calzado, bazares, kioscos, jugueter\u00edas, almacenes y shoppings que van a permanecer cerrados. <\/strong><\/p>\n<p>De este modo, \u201clos empleados de comercio no prestar\u00e1n labores, asimil\u00e1ndose el mismo a los feriados nacionales a todos los efectos legales\u201d, indica el art\u00edculo 2 de la ley.<\/p>\n<p>Aquellos empleados que no trabajan, tendr\u00e1n descanso y su remuneraci\u00f3n mensual no variar\u00e1. Es importante aclarar que no podr\u00e1 descontarse el d\u00eda ni otorgarse como franco compensatorio de descanso semanal.<\/p>\n<p>Mientras que los due\u00f1os que decidan levantar la persiana pueden hacerlo, y en ese caso los empleados <strong>recibir\u00e1n pago doble<\/strong>, es decir, un recargo equivalente del 100 por ciento, igual que un d\u00eda feriado.<\/p>\n<p>El Convenio Colectivo de Trabajo de los empleados de comercio considera como tales a las\u00a0personas que realizan tareas de maestranza y servicios, tareas administrativas, personal auxiliar que realice tareas de reparaci\u00f3n, auxiliares especializados y personal de ventas.<\/p>\n<p>Cabe remarcar que, quedan exceptuados lo peque\u00f1os locales barriales, o que est\u00e9n atendidos por sus propios due\u00f1os o familiares.<\/p>\n<p><strong>Cu\u00e1les ser\u00e1n los pr\u00f3ximos feriados y fines de semana largos del a\u00f1o:<\/strong><\/p>\n<ul>\n<li><strong>12 de octubre<\/strong>: D\u00eda del Respeto a la Diversidad Cultural, (<strong>trasladable<\/strong>) que se celebrar\u00e1 el lunes 16 de octubre. Mientras que el\u00a0<strong>viernes 13 de octubre (feriado puente tur\u00edstico)<\/strong>\u00a0conjuga un fin de semana largo, de cuatro d\u00edas.<\/li>\n<\/ul>\n<p><strong>Feriados intransferibles<\/strong>:<\/p>\n<ul>\n<li><strong>20 de noviembre, lunes<\/strong>: D\u00eda de la Soberan\u00eda Nacional.<\/li>\n<li><strong>8 de diciembre, viernes<\/strong>: D\u00eda de la Inmaculada Concepci\u00f3n de Mar\u00eda.<\/li>\n<li><strong>25 de diciembre, lunes<\/strong>: Navidad.<\/li>\n<\/ul>\n<p>De esta manera quedan para este a\u00f1o cinco feriados (fijos, trasladables y puentes) dispuestos en el calendario oficial para lo que resta de 2023. <strong>(VW)<\/strong><\/p>\n","protected":false},"excerpt":{"rendered":"<p>Hoy los empleados de comercio celebran su d\u00eda y tendr\u00e1n un feriado exclusivo, por lo cual algunos negocios no abrir\u00e1n sus puertas.\u00a0El objetivo de la iniciativa era ofrecer al personal del rubro un fin&#46;&#46;&#46;<\/p>\n","protected":false},"author":4,"featured_media":11719,"comment_status":"closed","ping_status":"closed","sticky":false,"template":"","format":"standard","meta":{"_monsterinsights_skip_tracking":false,"_monsterinsights_sitenote_active":false,"_monsterinsights_sitenote_note":"","_monsterinsights_sitenote_category":0,"footnotes":""},"categories":[8],"tags":[4880,4966],"class_list":["post-11938","post","type-post","status-publish","format-standard","has-post-thumbnail","hentry","category-interes-general","tag-dia-del-empleado-de-comercio","tag-locales-cerrados"],"_links":{"self":[{"href":"https:\/\/www.visionweb.com.ar\/index.php?rest_route=\/wp\/v2\/posts\/11938","targetHints":{"allow":["GET"]}}],"collection":[{"href":"https:\/\/www.visionweb.com.ar\/index.php?rest_route=\/wp\/v2\/posts"}],"about":[{"href":"https:\/\/www.visionweb.com.ar\/index.php?rest_route=\/wp\/v2\/types\/post"}],"author":[{"embeddable":true,"href":"https:\/\/www.visionweb.com.ar\/index.php?rest_route=\/wp\/v2\/users\/4"}],"replies":[{"embeddable":true,"href":"https:\/\/www.visionweb.com.ar\/index.php?rest_route=%2Fwp%2Fv2%2Fcomments&post=11938"}],"version-history":[{"count":1,"href":"https:\/\/www.visionweb.com.ar\/index.php?rest_route=\/wp\/v2\/posts\/11938\/revisions"}],"predecessor-version":[{"id":11939,"href":"https:\/\/www.visionweb.com.ar\/index.php?rest_route=\/wp\/v2\/posts\/11938\/revisions\/11939"}],"wp:featuredmedia":[{"embeddable":true,"href":"https:\/\/www.visionweb.com.ar\/index.php?rest_route=\/wp\/v2\/media\/11719"}],"wp:attachment":[{"href":"https:\/\/www.visionweb.com.ar\/index.php?rest_route=%2Fwp%2Fv2%2Fmedia&parent=11938"}],"wp:term":[{"taxonomy":"category","embeddable":true,"href":"https:\/\/www.visionweb.com.ar\/index.php?rest_route=%2Fwp%2Fv2%2Fcategories&post=11938"},{"taxonomy":"post_tag","embeddable":true,"href":"https:\/\/www.visionweb.com.ar\/index.php?rest_route=%2Fwp%2Fv2%2Ftags&post=11938"}],"curies":[{"name":"wp","href":"https:\/\/api.w.org\/{rel}","templated":true}]}}