{"id":11931,"date":"2023-09-22T15:13:04","date_gmt":"2023-09-22T18:13:04","guid":{"rendered":"https:\/\/www.visionweb.com.ar\/?p=11931"},"modified":"2023-09-22T15:13:21","modified_gmt":"2023-09-22T18:13:21","slug":"la-cgera-respaldo-las-medidas-de-alivio-fiscal-para-pymes-de-massa","status":"publish","type":"post","link":"https:\/\/www.visionweb.com.ar\/?p=11931","title":{"rendered":"La CGERA respald\u00f3 las medidas de alivio fiscal para PYMES de Massa"},"content":{"rendered":"<p><em><strong>Entre los anuncios del Ministro Massa, se incluy\u00f3 tambi\u00e9n planes de financiamiento para normalzair deudas tributarias con la AFIP.<\/strong><\/em>\u00a0 <!--more--><\/p>\n<p><strong><img loading=\"lazy\" decoding=\"async\" class=\"size-medium wp-image-11275 alignright\" src=\"https:\/\/www.visionweb.com.ar\/wp-content\/uploads\/2023\/07\/CGERA-TOLOSA-PAZ-300x200.png\" alt=\"\" width=\"300\" height=\"200\" srcset=\"https:\/\/www.visionweb.com.ar\/wp-content\/uploads\/2023\/07\/CGERA-TOLOSA-PAZ-300x200.png 300w, https:\/\/www.visionweb.com.ar\/wp-content\/uploads\/2023\/07\/CGERA-TOLOSA-PAZ.png 640w\" sizes=\"auto, (max-width: 300px) 100vw, 300px\" \/>L<\/strong>a Confederaci\u00f3n General Empresaria de la Rep\u00fablica Argentina (CGERA), destac\u00f3 este viernes las medidas de alivio fiscal destinadas a las Peque\u00f1as y Medianas Empresas anunciadas por el ministro de Econom\u00eda y candidato a Presidente, Sergio Massa.<\/p>\n<p>\u201cValoramos el alivio fiscal anunciado por el Ministro Massa. Es una medida que ayuda y se suma a la bater\u00eda de iniciativas para recuperar el poder adquisitivo y que eso se vuelque en el consumo de productos de las PYMES\u201d, manifest\u00f3 Marcelo Fern\u00e1ndez, Presidente de la entidad.<\/p>\n<p>En esta l\u00ednea, Fern\u00e1ndez record\u00f3 que \u201ctambi\u00e9n venimos de otras medidas de alivio fiscal, de las medidas de las SIRAS (Sistema de Importaciones de la Rep\u00fablica Argentina) para las PYMES, que benefician a la actividad productiva y laboral. Los empresarios PYMES sentimos que con estas medidas estamos siendo escuchados\u201d, agreg\u00f3.<\/p>\n<p>Los anuncios de Massa incluyen un plan para que<em><strong> las PYMES regularicen sus deudas con 120 cuotas mensuales vigentes hasta el 31\/12\/2023, con una tasa de inter\u00e9s 4,14 mensual (70% de la tasa de Inter\u00e9s Resarcitorio).<\/strong><\/em> Adem\u00e1s, esta medida incluye <em><strong>obligaciones vencidas hasta el 31\/08\/2023 y planes caducos.<\/strong><\/em><\/p>\n<p>CGERA representa a miles de pymes agrupadas en m\u00e1s de 90 C\u00e1maras y Federaciones de todo el pa\u00eds. Algunos de los sectores industriales que la constituyen son Manufacturas del Cuero, e Indumentaria, y Curtiembres.<\/p>\n<p>Tambi\u00e9n la entidad nuclea a Exportadores pymes, de la Carne, Electr\u00f3nicos, Radiodifusores, \u00d3pticos, Engordadores de Hacienda, Fabricantes de Tintas Gr\u00e1ficas, Metal\u00fargicos, Insumos textiles, del Juguete, Industria del Calzado y, Herrajes.<\/p>\n<p>Adem\u00e1s incluye a las actividades de Productores Art\u00edsticos y Culturales, Seguridad, Construcci\u00f3n, Empresas Procesadoras Av\u00edcolas, Laboratorios, Farmacias, Textiles, Autopartes Pyme, Panaderil, Ferroviarios, aires acondicionados, industria naval, de fuegos de artificios, entre otros<strong>(VW)<\/strong>.<\/p>\n","protected":false},"excerpt":{"rendered":"<p>Entre los anuncios del Ministro Massa, se incluy\u00f3 tambi\u00e9n planes de financiamiento para normalzair deudas tributarias con la AFIP.\u00a0<\/p>\n","protected":false},"author":3,"featured_media":11275,"comment_status":"closed","ping_status":"closed","sticky":false,"template":"","format":"standard","meta":{"_monsterinsights_skip_tracking":false,"_monsterinsights_sitenote_active":false,"_monsterinsights_sitenote_note":"","_monsterinsights_sitenote_category":0,"footnotes":""},"categories":[749],"tags":[563,15,523,32],"class_list":["post-11931","post","type-post","status-publish","format-standard","has-post-thumbnail","hentry","category-pymes","tag-cgera","tag-fernandez","tag-medidas","tag-pymes"],"_links":{"self":[{"href":"https:\/\/www.visionweb.com.ar\/index.php?rest_route=\/wp\/v2\/posts\/11931","targetHints":{"allow":["GET"]}}],"collection":[{"href":"https:\/\/www.visionweb.com.ar\/index.php?rest_route=\/wp\/v2\/posts"}],"about":[{"href":"https:\/\/www.visionweb.com.ar\/index.php?rest_route=\/wp\/v2\/types\/post"}],"author":[{"embeddable":true,"href":"https:\/\/www.visionweb.com.ar\/index.php?rest_route=\/wp\/v2\/users\/3"}],"replies":[{"embeddable":true,"href":"https:\/\/www.visionweb.com.ar\/index.php?rest_route=%2Fwp%2Fv2%2Fcomments&post=11931"}],"version-history":[{"count":1,"href":"https:\/\/www.visionweb.com.ar\/index.php?rest_route=\/wp\/v2\/posts\/11931\/revisions"}],"predecessor-version":[{"id":11932,"href":"https:\/\/www.visionweb.com.ar\/index.php?rest_route=\/wp\/v2\/posts\/11931\/revisions\/11932"}],"wp:featuredmedia":[{"embeddable":true,"href":"https:\/\/www.visionweb.com.ar\/index.php?rest_route=\/wp\/v2\/media\/11275"}],"wp:attachment":[{"href":"https:\/\/www.visionweb.com.ar\/index.php?rest_route=%2Fwp%2Fv2%2Fmedia&parent=11931"}],"wp:term":[{"taxonomy":"category","embeddable":true,"href":"https:\/\/www.visionweb.com.ar\/index.php?rest_route=%2Fwp%2Fv2%2Fcategories&post=11931"},{"taxonomy":"post_tag","embeddable":true,"href":"https:\/\/www.visionweb.com.ar\/index.php?rest_route=%2Fwp%2Fv2%2Ftags&post=11931"}],"curies":[{"name":"wp","href":"https:\/\/api.w.org\/{rel}","templated":true}]}}