{"id":11924,"date":"2023-09-22T11:24:28","date_gmt":"2023-09-22T14:24:28","guid":{"rendered":"https:\/\/www.visionweb.com.ar\/?p=11924"},"modified":"2023-09-22T11:24:28","modified_gmt":"2023-09-22T14:24:28","slug":"ganancias-el-proyecto-obtuvo-dictamen-favorable-en-la-comision-del-senado","status":"publish","type":"post","link":"https:\/\/www.visionweb.com.ar\/?p=11924","title":{"rendered":"Ganancias: el proyecto obtuvo dictamen favorable en la Comisi\u00f3n del Senado"},"content":{"rendered":"<p><em><strong>La reforma del Impuesto a las Ganancias obtuvo dictamen de mayor\u00eda de Uni\u00f3n por la Patria, en la Comisi\u00f3n de Presupuesto del Senado. Pasar\u00eda a la C\u00e1mara Alta el pr\u00f3ximo martes 28.<\/strong><\/em><!--more--><\/p>\n<p><strong><img loading=\"lazy\" decoding=\"async\" class=\"size-medium wp-image-11925 alignright\" src=\"https:\/\/www.visionweb.com.ar\/wp-content\/uploads\/2023\/09\/ganancias-comision-propus-300x179.png\" alt=\"\" width=\"300\" height=\"179\" srcset=\"https:\/\/www.visionweb.com.ar\/wp-content\/uploads\/2023\/09\/ganancias-comision-propus-300x179.png 300w, https:\/\/www.visionweb.com.ar\/wp-content\/uploads\/2023\/09\/ganancias-comision-propus.png 415w\" sizes=\"auto, (max-width: 300px) 100vw, 300px\" \/>\u00a0\u00a0 E<\/strong>n reuni\u00f3n de\u00a0<strong>Comisi\u00f3n de Presupuesto y Hacienda del Senado el proyecto de reforma del Impuesto a las Ganancias<\/strong>,<strong>\u00a0<\/strong>obtuvo ayer<strong> dictamen favorable de mayor\u00eda <\/strong>y se encamina a incorporarse en el temario de la pr\u00f3xima sesi\u00f3n de la C\u00e1mara alta.<\/p>\n<p>Con las firmas aportadas por el interbloque oficialista de Uni\u00f3n por la Patria, el proyecto\u00a0que exige del pago del tributo a trabajadores y jubilados de la cuarta categor\u00eda, qued\u00f3 listo para ser debatido en el recinto en la pr\u00f3xima sesi\u00f3n, que ser\u00e1 posiblemente el jueves 28 de septiembre, seg\u00fan indic\u00f3 el jefe del bloque de senadores del Frente de Todos, el formose\u00f1o<strong>\u00a0Jos\u00e9 Mayans<\/strong>.<\/p>\n<p><strong>Aunque los espacios la Libertad Avanza y el Frente de Izquierda que acompa\u00f1aron la propuesta en Diputados no cuentan con representantes en el Senado, el oficialismo alcanzar\u00eda la mayor\u00eda si lograr conseguir el respaldo del bloque de Unidad Federal y podr\u00eda convertirla en ley.<\/strong><\/p>\n<p>La reforma al Impuesto a las Ganancias con media sanci\u00f3n en <strong>Diputados<\/strong>, tras m\u00e1s de ocho horas de debate el \u00faltimo martes, aprob\u00f3 y envi\u00f3 al Senado el proyecto de ley que modifica el Impuesto a las Ganancias. (ver nota: <a href=\"https:\/\/www.visionweb.com.ar\/?p=11887\">https:\/\/www.visionweb.com.ar\/?p=11887<\/a>).<\/p>\n<p>La propuesta impulsaba por el ministro de Econom\u00eda, Sergio Massa, elimina la cuarta categor\u00eda que grava los sueldos de los empleados y crea un tributo sobre los altos ingresos que se pagar\u00e1 cuando se cobren haberes superiores a los 15 salarios m\u00ednimos, vital y m\u00f3vil (SMVM) mensuales.<strong> (VW)<\/strong><\/p>\n","protected":false},"excerpt":{"rendered":"<p>La reforma del Impuesto a las Ganancias obtuvo dictamen de mayor\u00eda de Uni\u00f3n por la Patria, en la Comisi\u00f3n de Presupuesto del Senado. Pasar\u00eda a la C\u00e1mara Alta el pr\u00f3ximo martes 28.<\/p>\n","protected":false},"author":4,"featured_media":11925,"comment_status":"closed","ping_status":"closed","sticky":false,"template":"","format":"standard","meta":{"_monsterinsights_skip_tracking":false,"_monsterinsights_sitenote_active":false,"_monsterinsights_sitenote_note":"","_monsterinsights_sitenote_category":0,"footnotes":""},"categories":[6,4],"tags":[4958,4957,468],"class_list":["post-11924","post","type-post","status-publish","format-standard","has-post-thumbnail","hentry","category-economia","category-politica","tag-comision-de-presupuesto","tag-reforma-de-ganancias","tag-senado"],"_links":{"self":[{"href":"https:\/\/www.visionweb.com.ar\/index.php?rest_route=\/wp\/v2\/posts\/11924","targetHints":{"allow":["GET"]}}],"collection":[{"href":"https:\/\/www.visionweb.com.ar\/index.php?rest_route=\/wp\/v2\/posts"}],"about":[{"href":"https:\/\/www.visionweb.com.ar\/index.php?rest_route=\/wp\/v2\/types\/post"}],"author":[{"embeddable":true,"href":"https:\/\/www.visionweb.com.ar\/index.php?rest_route=\/wp\/v2\/users\/4"}],"replies":[{"embeddable":true,"href":"https:\/\/www.visionweb.com.ar\/index.php?rest_route=%2Fwp%2Fv2%2Fcomments&post=11924"}],"version-history":[{"count":1,"href":"https:\/\/www.visionweb.com.ar\/index.php?rest_route=\/wp\/v2\/posts\/11924\/revisions"}],"predecessor-version":[{"id":11926,"href":"https:\/\/www.visionweb.com.ar\/index.php?rest_route=\/wp\/v2\/posts\/11924\/revisions\/11926"}],"wp:featuredmedia":[{"embeddable":true,"href":"https:\/\/www.visionweb.com.ar\/index.php?rest_route=\/wp\/v2\/media\/11925"}],"wp:attachment":[{"href":"https:\/\/www.visionweb.com.ar\/index.php?rest_route=%2Fwp%2Fv2%2Fmedia&parent=11924"}],"wp:term":[{"taxonomy":"category","embeddable":true,"href":"https:\/\/www.visionweb.com.ar\/index.php?rest_route=%2Fwp%2Fv2%2Fcategories&post=11924"},{"taxonomy":"post_tag","embeddable":true,"href":"https:\/\/www.visionweb.com.ar\/index.php?rest_route=%2Fwp%2Fv2%2Ftags&post=11924"}],"curies":[{"name":"wp","href":"https:\/\/api.w.org\/{rel}","templated":true}]}}