{"id":11910,"date":"2023-09-21T10:35:43","date_gmt":"2023-09-21T13:35:43","guid":{"rendered":"https:\/\/www.visionweb.com.ar\/?p=11910"},"modified":"2023-09-21T10:35:43","modified_gmt":"2023-09-21T13:35:43","slug":"indec-la-inflacion-mayorista-aumento-187-en-agosto-y-cayo-el-consumo","status":"publish","type":"post","link":"https:\/\/www.visionweb.com.ar\/?p=11910","title":{"rendered":"INDEC: La inflaci\u00f3n mayorista aument\u00f3 18,7% en agosto, y cay\u00f3 el consumo"},"content":{"rendered":"<p><strong>\u00a0<em>El \u00cdndice de precios al por mayor se registr\u00f3 m\u00e1s de 6 puntos por arriba de los precios al consumidor. El consumo cay\u00f3 1,3%. El incremento m\u00e1s marcado se dio en los productos importados, que subieron 30,2%. El costo de la construcci\u00f3n salt\u00f3 m\u00e1s de 14%.<\/em><\/strong><!--more--><\/p>\n<p><strong><img loading=\"lazy\" decoding=\"async\" class=\"size-medium wp-image-11911 alignright\" src=\"https:\/\/www.visionweb.com.ar\/wp-content\/uploads\/2023\/09\/indec-ago-precios-mayoristas-300x292.png\" alt=\"\" width=\"300\" height=\"292\" srcset=\"https:\/\/www.visionweb.com.ar\/wp-content\/uploads\/2023\/09\/indec-ago-precios-mayoristas-300x292.png 300w, https:\/\/www.visionweb.com.ar\/wp-content\/uploads\/2023\/09\/indec-ago-precios-mayoristas.png 381w\" sizes=\"auto, (max-width: 300px) 100vw, 300px\" \/>\u00a0 E<\/strong>l nivel general del \u00cdndice de precios internos al por mayor (IPIM) registr\u00f3 un aumento\u00a0<strong>de 18,7% en agosto<\/strong> <strong>de 2023 respecto del mes anterior<\/strong>, conforme anunci\u00f3 el INDEC, y as\u00ed marca que el valor promedio de los productos comercializados en el mercado mayorista tuvo una suba de 6,3 puntos porcentuales por encima de la inflaci\u00f3n.<\/p>\n<p>Esta variaci\u00f3n se compone por una suba de 17,6% en Productos nacionales y de\u00a0<strong>un llamativo 30,2% en Productos importados, muy superior a la apreciaci\u00f3n del tipo de cambio oficial,\u00a0<\/strong>producto de la devaluaci\u00f3n y de la necesidad de conseguir d\u00f3lares por fuera del mercado \u00fanico de cambios.<\/p>\n<p>Por otra parte, el nivel general del \u00cdndice de precios internos b\u00e1sicos al por mayor (IPIB) mostr\u00f3 un ascenso de 19,0% en el mismo per\u00edodo. En este caso,\u00a0<strong>la variaci\u00f3n se explica por la suba de 17,9% en los Productos nacionales y de 30,3% en los Productos importados.<\/strong><\/p>\n<p>Asimismo, el nivel general del \u00cdndice de\u00a0<strong>precios b\u00e1sicos del productor (IPP) registr\u00f3 un incremento de 17,9% en el mismo per\u00edodo<\/strong>, como consecuencia de la suba de 17,7% en los Productos primarios y de 18,0% en los Productos manufacturados y energ\u00eda el\u00e9ctrica.<\/p>\n<p>Otro dato que confirma los peores pron\u00f3sticos de los propios funcionarios del gobierno e<strong>s la ca\u00edda del consumo privado que mostr\u00f3 una baja del 1,3% interanual.<\/strong><\/p>\n<p><strong>EL PBI: <\/strong>El Indec inform\u00f3 que\u00a0<strong>durante el segundo trimestre del a\u00f1o la actividad econ\u00f3mica tuvo un retroceso del 4,9% en relaci\u00f3n a igual per\u00edodo de 2022<\/strong>.<\/p>\n<p>Adem\u00e1s, el organismo estad\u00edstico comunic\u00f3 que el\u00a0<strong>Producto Bruto Interno (PBI) entre abril y junio de este a\u00f1o se coloc\u00f3 2,8% por debajo del registrado en el primer\u00a0<\/strong>trimestre del a\u00f1o. <strong>(VW)<\/strong><\/p>\n","protected":false},"excerpt":{"rendered":"<p>\u00a0El \u00cdndice de precios al por mayor se registr\u00f3 m\u00e1s de 6 puntos por arriba de los precios al consumidor. El consumo cay\u00f3 1,3%. El incremento m\u00e1s marcado se dio en los productos importados,&#46;&#46;&#46;<\/p>\n","protected":false},"author":4,"featured_media":11911,"comment_status":"closed","ping_status":"closed","sticky":false,"template":"","format":"standard","meta":{"_monsterinsights_skip_tracking":false,"_monsterinsights_sitenote_active":false,"_monsterinsights_sitenote_note":"","_monsterinsights_sitenote_category":0,"footnotes":""},"categories":[6],"tags":[75,4953,4954],"class_list":["post-11910","post","type-post","status-publish","format-standard","has-post-thumbnail","hentry","category-economia","tag-indec","tag-indice-de-precios-mayoristas-agosto","tag-ipim"],"_links":{"self":[{"href":"https:\/\/www.visionweb.com.ar\/index.php?rest_route=\/wp\/v2\/posts\/11910","targetHints":{"allow":["GET"]}}],"collection":[{"href":"https:\/\/www.visionweb.com.ar\/index.php?rest_route=\/wp\/v2\/posts"}],"about":[{"href":"https:\/\/www.visionweb.com.ar\/index.php?rest_route=\/wp\/v2\/types\/post"}],"author":[{"embeddable":true,"href":"https:\/\/www.visionweb.com.ar\/index.php?rest_route=\/wp\/v2\/users\/4"}],"replies":[{"embeddable":true,"href":"https:\/\/www.visionweb.com.ar\/index.php?rest_route=%2Fwp%2Fv2%2Fcomments&post=11910"}],"version-history":[{"count":1,"href":"https:\/\/www.visionweb.com.ar\/index.php?rest_route=\/wp\/v2\/posts\/11910\/revisions"}],"predecessor-version":[{"id":11912,"href":"https:\/\/www.visionweb.com.ar\/index.php?rest_route=\/wp\/v2\/posts\/11910\/revisions\/11912"}],"wp:featuredmedia":[{"embeddable":true,"href":"https:\/\/www.visionweb.com.ar\/index.php?rest_route=\/wp\/v2\/media\/11911"}],"wp:attachment":[{"href":"https:\/\/www.visionweb.com.ar\/index.php?rest_route=%2Fwp%2Fv2%2Fmedia&parent=11910"}],"wp:term":[{"taxonomy":"category","embeddable":true,"href":"https:\/\/www.visionweb.com.ar\/index.php?rest_route=%2Fwp%2Fv2%2Fcategories&post=11910"},{"taxonomy":"post_tag","embeddable":true,"href":"https:\/\/www.visionweb.com.ar\/index.php?rest_route=%2Fwp%2Fv2%2Ftags&post=11910"}],"curies":[{"name":"wp","href":"https:\/\/api.w.org\/{rel}","templated":true}]}}