{"id":11907,"date":"2023-09-21T09:56:29","date_gmt":"2023-09-21T12:56:29","guid":{"rendered":"https:\/\/www.visionweb.com.ar\/?p=11907"},"modified":"2023-09-21T09:56:29","modified_gmt":"2023-09-21T12:56:29","slug":"21-de-septiembre-lanus-festeja-el-dia-del-estudiante-con-torneos-play-y-freestyle","status":"publish","type":"post","link":"https:\/\/www.visionweb.com.ar\/?p=11907","title":{"rendered":"21 de Septiembre: Lan\u00fas festeja el d\u00eda del estudiante con torneos play y freestyle"},"content":{"rendered":"<p><em><strong>Llega la Primavera y el Municipio ofrece un evento en el Patio con diversas competencias y shows en un lugar de encuentro seguro.<\/strong><\/em><!--more--><\/p>\n<p><strong><img loading=\"lazy\" decoding=\"async\" class=\"size-medium wp-image-11908 alignright\" src=\"https:\/\/www.visionweb.com.ar\/wp-content\/uploads\/2023\/09\/lanus-primav-300x296.png\" alt=\"\" width=\"300\" height=\"296\" srcset=\"https:\/\/www.visionweb.com.ar\/wp-content\/uploads\/2023\/09\/lanus-primav-300x296.png 300w, https:\/\/www.visionweb.com.ar\/wp-content\/uploads\/2023\/09\/lanus-primav-80x80.png 80w, https:\/\/www.visionweb.com.ar\/wp-content\/uploads\/2023\/09\/lanus-primav-65x65.png 65w, https:\/\/www.visionweb.com.ar\/wp-content\/uploads\/2023\/09\/lanus-primav.png 402w\" sizes=\"auto, (max-width: 300px) 100vw, 300px\" \/>\u00a0\u00a0 E<\/strong>ste\u00a0jueves 21 de septiembre\u00a0el Municipio de Lan\u00fas realizar\u00e1 una jornada festiva para celebrar el D\u00eda del Estudiante y el inicio de la primavera, con diversos torneos play, competencias, shows y tambi\u00e9n sorteos.<\/p>\n<p>La actividad se llevar\u00e1 adelante en el <strong>espacio cultural Patio<\/strong>, ubicado en 25 de Mayo 131 (Lan\u00fas Oeste), de\u00a0<strong>14 a 19 horas<\/strong>\u00a0y tendr\u00e1 entrada libre y gratuita, y comenzar\u00e1 con la inauguraci\u00f3n de un <strong>stand de glitter<\/strong>, donde se har\u00e1n <strong>distintos sorteos<\/strong>, conforme indic\u00f3 Prensa del Municipio.<\/p>\n<p>Mientras que, de\u00a0<strong>15 a 18 horas<\/strong>\u00a0habr\u00e1 un <strong>Torneo de Play FIFA 2023<\/strong>, que requiere inscripci\u00f3n previa para participar. Las personas interesadas pueden anotarse en la siguiente p\u00e1gina web:\u00a0<a href=\"http:\/\/www.lanuscultura.com.ar\/\">www.lanuscultura.com.ar<\/a>.<\/p>\n<p>Asimismo, de\u00a0<strong>16 a 19 horas<\/strong>\u00a0iniciar\u00e1 la <strong>competencia Flow del Sur<\/strong>, <strong>batalla de freestyle<\/strong>. En este caso, las personas podr\u00e1n inscribirse en el momento.<\/p>\n<p>Cabe destacar que el <strong>Museo Contempor\u00e1neo del Sur (MACSur)<\/strong> cre\u00f3 el <strong>espacio cultural Patio<\/strong> en 2021 para que los j\u00f3venes cuenten con <strong>un lugar de encuentro seguro<\/strong> y tranquilo donde puedan mostrar sus talentos en las diferentes propuestas organizadas por el Municipio. <strong>(VW)<\/strong><\/p>\n","protected":false},"excerpt":{"rendered":"<p>Llega la Primavera y el Municipio ofrece un evento en el Patio con diversas competencias y shows en un lugar de encuentro seguro.<\/p>\n","protected":false},"author":4,"featured_media":11908,"comment_status":"closed","ping_status":"closed","sticky":false,"template":"","format":"standard","meta":{"_monsterinsights_skip_tracking":false,"_monsterinsights_sitenote_active":false,"_monsterinsights_sitenote_note":"","_monsterinsights_sitenote_category":0,"footnotes":""},"categories":[8,5],"tags":[4952,3319,2824,1164,4951],"class_list":["post-11907","post","type-post","status-publish","format-standard","has-post-thumbnail","hentry","category-interes-general","category-sociedad","tag-dia-del-estudiante","tag-festejos","tag-municipio-de-lanus","tag-patio","tag-primavera"],"_links":{"self":[{"href":"https:\/\/www.visionweb.com.ar\/index.php?rest_route=\/wp\/v2\/posts\/11907","targetHints":{"allow":["GET"]}}],"collection":[{"href":"https:\/\/www.visionweb.com.ar\/index.php?rest_route=\/wp\/v2\/posts"}],"about":[{"href":"https:\/\/www.visionweb.com.ar\/index.php?rest_route=\/wp\/v2\/types\/post"}],"author":[{"embeddable":true,"href":"https:\/\/www.visionweb.com.ar\/index.php?rest_route=\/wp\/v2\/users\/4"}],"replies":[{"embeddable":true,"href":"https:\/\/www.visionweb.com.ar\/index.php?rest_route=%2Fwp%2Fv2%2Fcomments&post=11907"}],"version-history":[{"count":1,"href":"https:\/\/www.visionweb.com.ar\/index.php?rest_route=\/wp\/v2\/posts\/11907\/revisions"}],"predecessor-version":[{"id":11909,"href":"https:\/\/www.visionweb.com.ar\/index.php?rest_route=\/wp\/v2\/posts\/11907\/revisions\/11909"}],"wp:featuredmedia":[{"embeddable":true,"href":"https:\/\/www.visionweb.com.ar\/index.php?rest_route=\/wp\/v2\/media\/11908"}],"wp:attachment":[{"href":"https:\/\/www.visionweb.com.ar\/index.php?rest_route=%2Fwp%2Fv2%2Fmedia&parent=11907"}],"wp:term":[{"taxonomy":"category","embeddable":true,"href":"https:\/\/www.visionweb.com.ar\/index.php?rest_route=%2Fwp%2Fv2%2Fcategories&post=11907"},{"taxonomy":"post_tag","embeddable":true,"href":"https:\/\/www.visionweb.com.ar\/index.php?rest_route=%2Fwp%2Fv2%2Ftags&post=11907"}],"curies":[{"name":"wp","href":"https:\/\/api.w.org\/{rel}","templated":true}]}}