{"id":11898,"date":"2023-09-21T07:14:08","date_gmt":"2023-09-21T10:14:08","guid":{"rendered":"https:\/\/www.visionweb.com.ar\/?p=11898"},"modified":"2023-09-20T19:20:45","modified_gmt":"2023-09-20T22:20:45","slug":"actualizaron-los-precios-justos-en-los-cortes-de-carne","status":"publish","type":"post","link":"https:\/\/www.visionweb.com.ar\/?p=11898","title":{"rendered":"Actualizaron los \u00bb Precios Justos \u00bb en los cortes de carne"},"content":{"rendered":"<p><em><strong>Los nuevos precios se mantendr\u00e1n vigentes hasta el 15 de octubre y ser\u00e1n aplicados exclusivamente en carnicer\u00edas que participan en el programa.<\/strong><\/em><!--more--><\/p>\n<p><strong>21L<\/strong>a Secretar\u00eda de Comercio\u00a0 actualizo los precios de siete cortes de carne como parte del programa \u00abPrecios Justos\u00bb para controlar la inflaci\u00f3n en alimentos.<\/p>\n<p>Estos precios se mantendr\u00e1n hasta el 15 de octubre y se aplicar\u00e1n en carnicer\u00edas, supermercados y supermercados regionales.<\/p>\n<p>La Secretar\u00eda de Comercio anuncio la <strong>actualizaci\u00f3n de los costos<\/strong>\u00a0de comercializaci\u00f3n de los siete cortes de carne m\u00e1s representativos incluidos en el programa de\u00a0<strong>Precios Justos, as\u00ed se informo desde la cartera que conduce Mat\u00edas Tombolini<\/strong><\/p>\n<p>Esta medida forma parte de los esfuerzos del Gobierno para contrarrestar la\u00a0<strong>inflaci\u00f3n<\/strong>, especialmente en el rubro alimentario, que afecta de manera significativa a la poblaci\u00f3n argentina.<\/p>\n<p>Los nuevos precios se mantendr\u00e1n vigentes hasta el\u00a0<strong>15 de octubre<\/strong>\u00a0y ser\u00e1n aplicados exclusivamente en carnicer\u00edas que participan en el programa, as\u00ed como en las principales cadenas de supermercados y supermercados regionales.<\/p>\n<p>Los cortes incluidos en esta actualizaci\u00f3n son el\u00a0<strong>asado, nalga, matambre, vac\u00edo, falda, paleta y tapa de asado<\/strong>.<\/p>\n<p>Cabe destacar que se establece una diferencia del\u00a0<strong>6%<\/strong>\u00a0en los precios para la regi\u00f3n patag\u00f3nica, y los cortes comercializados en esta zona no contendr\u00e1n hueso, lo que refleja una adaptaci\u00f3n a las particularidades geogr\u00e1ficas y de consumo de esa regi\u00f3n.<\/p>\n<p>En cuanto a los nuevos precios, se presentan a continuaci\u00f3n:<\/p>\n<p>Asado:\u00a0<strong>$1.466 kg. <\/strong>Tapa de asado:\u00a0<strong>$1.466 kg.<\/strong>Vac\u00edo:\u00a0<strong>$1.914 kg.<\/strong>Nalga:\u00a0<strong>$1.947 kg.<\/strong>Matambre:\u00a0<strong>$1.855 kg.<\/strong>Falda:\u00a0<strong>$954 kg.<\/strong>Paleta:\u00a0<strong>$1.575 kg.<\/strong><\/p>\n<p>El programa\u00a0<strong>Precios Justos<\/strong>\u00a0busca establecer costos razonables para uno de los principales alimentos consumidos en Argentina, en respuesta a la preocupante inflaci\u00f3n que ha afectado los precios de los alimentos. De acuerdo con datos publicados por el\u00a0<strong>INDEC<\/strong>, las carnes son una de las categor\u00edas de productos que m\u00e1s aumentaron en el mes de agosto<strong>(VW\/NAP)<\/strong>.<\/p>\n","protected":false},"excerpt":{"rendered":"<p>Los nuevos precios se mantendr\u00e1n vigentes hasta el 15 de octubre y ser\u00e1n aplicados exclusivamente en carnicer\u00edas que participan en el programa.<\/p>\n","protected":false},"author":3,"featured_media":9607,"comment_status":"closed","ping_status":"closed","sticky":false,"template":"","format":"standard","meta":{"_monsterinsights_skip_tracking":false,"_monsterinsights_sitenote_active":false,"_monsterinsights_sitenote_note":"","_monsterinsights_sitenote_category":0,"footnotes":""},"categories":[3,8],"tags":[371,277,265,1812],"class_list":["post-11898","post","type-post","status-publish","format-standard","has-post-thumbnail","hentry","category-actualidad","category-interes-general","tag-carne","tag-cortes","tag-octubre","tag-precio"],"_links":{"self":[{"href":"https:\/\/www.visionweb.com.ar\/index.php?rest_route=\/wp\/v2\/posts\/11898","targetHints":{"allow":["GET"]}}],"collection":[{"href":"https:\/\/www.visionweb.com.ar\/index.php?rest_route=\/wp\/v2\/posts"}],"about":[{"href":"https:\/\/www.visionweb.com.ar\/index.php?rest_route=\/wp\/v2\/types\/post"}],"author":[{"embeddable":true,"href":"https:\/\/www.visionweb.com.ar\/index.php?rest_route=\/wp\/v2\/users\/3"}],"replies":[{"embeddable":true,"href":"https:\/\/www.visionweb.com.ar\/index.php?rest_route=%2Fwp%2Fv2%2Fcomments&post=11898"}],"version-history":[{"count":1,"href":"https:\/\/www.visionweb.com.ar\/index.php?rest_route=\/wp\/v2\/posts\/11898\/revisions"}],"predecessor-version":[{"id":11899,"href":"https:\/\/www.visionweb.com.ar\/index.php?rest_route=\/wp\/v2\/posts\/11898\/revisions\/11899"}],"wp:featuredmedia":[{"embeddable":true,"href":"https:\/\/www.visionweb.com.ar\/index.php?rest_route=\/wp\/v2\/media\/9607"}],"wp:attachment":[{"href":"https:\/\/www.visionweb.com.ar\/index.php?rest_route=%2Fwp%2Fv2%2Fmedia&parent=11898"}],"wp:term":[{"taxonomy":"category","embeddable":true,"href":"https:\/\/www.visionweb.com.ar\/index.php?rest_route=%2Fwp%2Fv2%2Fcategories&post=11898"},{"taxonomy":"post_tag","embeddable":true,"href":"https:\/\/www.visionweb.com.ar\/index.php?rest_route=%2Fwp%2Fv2%2Ftags&post=11898"}],"curies":[{"name":"wp","href":"https:\/\/api.w.org\/{rel}","templated":true}]}}