{"id":11874,"date":"2023-09-20T08:11:55","date_gmt":"2023-09-20T11:11:55","guid":{"rendered":"https:\/\/www.visionweb.com.ar\/?p=11874"},"modified":"2023-09-19T17:36:06","modified_gmt":"2023-09-19T20:36:06","slug":"salud-el-ministro-kreplak-entrego-ambulancias-y-computadoras","status":"publish","type":"post","link":"https:\/\/www.visionweb.com.ar\/?p=11874","title":{"rendered":"Salud: El Ministro Kreplak entreg\u00f3 ambulancias y computadoras"},"content":{"rendered":"<p><em><strong>Fue para los en hospitales de Avellaneda y de Lan\u00fas, durante una recorrida que hizo diferentes municipios del conurbano sur.\u00a0\u00a0<\/strong><\/em><!--more--><\/p>\n<p><strong><img loading=\"lazy\" decoding=\"async\" class=\"size-medium wp-image-11876 alignleft\" src=\"https:\/\/www.visionweb.com.ar\/wp-content\/uploads\/2023\/09\/avellaned-tomografo-300x199.png\" alt=\"\" width=\"300\" height=\"199\" srcset=\"https:\/\/www.visionweb.com.ar\/wp-content\/uploads\/2023\/09\/avellaned-tomografo-300x199.png 300w, https:\/\/www.visionweb.com.ar\/wp-content\/uploads\/2023\/09\/avellaned-tomografo.png 640w\" sizes=\"auto, (max-width: 300px) 100vw, 300px\" \/>U<\/strong>n total de 115 computadoras y seis ambulancias fueron entregadas en los municipios de Avellaneda y Lan\u00fas por el ministro de Salud\u00a0 bonaerense, Nicol\u00e1s Kreplak.<\/p>\n<p>Las entregas se concretaron d\u00edas d\u00edas pasados en una vista que el titular de la cartera provincial, realiz\u00f3 a los municipios de Avellaneda y Lan\u00fas.<\/p>\n<p>En ese marco, Kreplak explic\u00f3 que \u201cson inversiones muy importantes, como cada una de las inversiones que hacemos en salud, implican mucho dinero, mucho recurso, implica la decisi\u00f3n pol\u00edtica de que tiene que haber un Estado presente que garantice equidad y justicia social. Y nosotros lo decimos as\u00ed porque es para nosotros la b\u00fasqueda: que haya justicia social\u201d.<\/p>\n<p>\u201cDonde el mercado no lleg\u00f3, donde no hizo negocio, donde no tiene sentido que se ponga un gran sanatorio, est\u00e1 la salud y la educaci\u00f3n p\u00fablica. As\u00ed que nosotros tenemos la convicci\u00f3n de que tenemos que defender el Estado. Porque tambi\u00e9n es cierto que lo que hay de todos, para algunos, es todo lo que hay\u201d, finaliz\u00f3.<\/p>\n<p>En primer lugar, el Ministro en Lan\u00fas entreg\u00f3 tres ambulancias para establecimientos provinciales: una de alta complejidad para el hospital \u201cEvita\u201d, otra de alta complejidad para el hospital \u201cNarciso L\u00f3pez\u201d, y una de traslado para el hospital zonal especializado en\u00a0Oncolog\u00eda<em>.\u00a0<\/em>Los tres veh\u00edculos equivalen a una inversi\u00f3n de m\u00e1s de 64 millones de pesos. Son las ambulancias N\u00ba 216, N\u00ba 217 y N\u00b0 218 distribuidas, desde que Axel Kicillof es Gobernador.<\/p>\n<p>Las ambulancias cuentan con equipamiento de alta complejidad para dar respuesta al estado cr\u00edtico de pacientes. Poseen cardiodesfibrilador, desfibrilador, ox\u00edmetro de pulso, tubo de ox\u00edgeno central, bolso de paro\/v\u00eda a\u00e9rea y de trauma, kit de trauma, silla de ruedas, entre otros elementos claves.<\/p>\n<p>Tambi\u00e9n entreg\u00f3 55 nuevas computadoras a hospitales bonaerenses destinadas al funcionamiento del programa de Historia de Salud Integrada (HSI): 15 al \u201cEvita\u201d, 10 al \u201cArturo Melo\u201d, 15 al \u201cNarciso L\u00f3pez\u201d y 15 al hospital Zonal de Oncolog\u00eda.<\/p>\n<p>Las entregas para los hospitales provinciales fueron recibidas por sus directores ejecutivos: Javier Maroni del \u201cEvita; Cristina Fernandez del \u201cNarciso L\u00f3pez\u201d; Virginia Olivera del \u201cMelo\u201d; y Eduardo Diez del hospital de Oncolog\u00eda.<\/p>\n<p>Tambi\u00e9n estuvieron presentes en la jornada la viceministra de Salud, Alexia Navarro; el director provincial de Hospitales, Juan Riera; los directores de la Regi\u00f3n VI: Luis Parrilla, Melina Esposito y Luis Mart\u00ednez.<\/p>\n<p><strong>Avellaneda<\/strong><\/p>\n<p>Por otra parte, el ministro Kreplak se acerc\u00f3 esta tarde al distrito de Avellaneda donde otorg\u00f3 tres nuevas ambulancias. De las cuales, dos son de alta complejidad y se suman a los hospitales provinciales \u201cPresidente Per\u00f3n y \u201cPedro Fiorito\u201d, y una de traslado destinada al municipio. Son las unidades N\u00ba 219, N\u00ba 220 y N\u00ba 221 que se entregan en lo que va de gesti\u00f3n. Equivalen a una inversi\u00f3n de 64 millones de pesos.<\/p>\n<p>En tanto, en el hospital \u201cFiorito\u201d entrego ambulancia y puso en funcionamiento el tom\u00f3grafo y la mesa de anestesia. Se trata de una inversi\u00f3n de $55.245.847 y de $9.165.636, respectivamente. En tanto, recorri\u00f3 el hospital \u201cPer\u00f3n\u201d donde entrego la otra ambulancia de alta complejidad, y dialog\u00f3 con trabajadores y trabajadoras.<\/p>\n<p>Adem\u00e1s, se entregaron 60 computadoras para potenciar la historia de salud digital: 20 al hospital \u201cPer\u00f3n\u201d, 15 al \u201cFiorito\u201d, 10 al \u201cGoitia\u201d y 15 al \u201cWilde\u201d.<\/p>\n<p>Asimismo, el funcionario provincial, entreg\u00f3 en Avellaneda\u00a0 un tomografo que funcionara en el hospital Fiorito. <strong>(VW)<\/strong><\/p>\n","protected":false},"excerpt":{"rendered":"<p>Fue para los en hospitales de Avellaneda y de Lan\u00fas, durante una recorrida que hizo diferentes municipios del conurbano sur.\u00a0\u00a0<\/p>\n","protected":false},"author":3,"featured_media":11875,"comment_status":"closed","ping_status":"closed","sticky":false,"template":"","format":"standard","meta":{"_monsterinsights_skip_tracking":false,"_monsterinsights_sitenote_active":false,"_monsterinsights_sitenote_note":"","_monsterinsights_sitenote_category":0,"footnotes":""},"categories":[8],"tags":[4379,83,4901,359,19],"class_list":["post-11874","post","type-post","status-publish","format-standard","has-post-thumbnail","hentry","category-interes-general","tag-ambulancias","tag-avellaneda","tag-computadoras","tag-kreplak","tag-lanus"],"_links":{"self":[{"href":"https:\/\/www.visionweb.com.ar\/index.php?rest_route=\/wp\/v2\/posts\/11874","targetHints":{"allow":["GET"]}}],"collection":[{"href":"https:\/\/www.visionweb.com.ar\/index.php?rest_route=\/wp\/v2\/posts"}],"about":[{"href":"https:\/\/www.visionweb.com.ar\/index.php?rest_route=\/wp\/v2\/types\/post"}],"author":[{"embeddable":true,"href":"https:\/\/www.visionweb.com.ar\/index.php?rest_route=\/wp\/v2\/users\/3"}],"replies":[{"embeddable":true,"href":"https:\/\/www.visionweb.com.ar\/index.php?rest_route=%2Fwp%2Fv2%2Fcomments&post=11874"}],"version-history":[{"count":1,"href":"https:\/\/www.visionweb.com.ar\/index.php?rest_route=\/wp\/v2\/posts\/11874\/revisions"}],"predecessor-version":[{"id":11877,"href":"https:\/\/www.visionweb.com.ar\/index.php?rest_route=\/wp\/v2\/posts\/11874\/revisions\/11877"}],"wp:featuredmedia":[{"embeddable":true,"href":"https:\/\/www.visionweb.com.ar\/index.php?rest_route=\/wp\/v2\/media\/11875"}],"wp:attachment":[{"href":"https:\/\/www.visionweb.com.ar\/index.php?rest_route=%2Fwp%2Fv2%2Fmedia&parent=11874"}],"wp:term":[{"taxonomy":"category","embeddable":true,"href":"https:\/\/www.visionweb.com.ar\/index.php?rest_route=%2Fwp%2Fv2%2Fcategories&post=11874"},{"taxonomy":"post_tag","embeddable":true,"href":"https:\/\/www.visionweb.com.ar\/index.php?rest_route=%2Fwp%2Fv2%2Ftags&post=11874"}],"curies":[{"name":"wp","href":"https:\/\/api.w.org\/{rel}","templated":true}]}}