{"id":11870,"date":"2023-09-19T13:30:38","date_gmt":"2023-09-19T16:30:38","guid":{"rendered":"https:\/\/www.visionweb.com.ar\/?p=11870"},"modified":"2023-09-19T13:30:38","modified_gmt":"2023-09-19T16:30:38","slug":"la-gala-del-fleni-destaco-el-compromiso-en-el-esplendor-del-teatro-colon","status":"publish","type":"post","link":"https:\/\/www.visionweb.com.ar\/?p=11870","title":{"rendered":"La Gala del Fleni destac\u00f3 el compromiso en el esplendor del Teatro Col\u00f3n"},"content":{"rendered":"<p><em><strong>La Gala Solidaria cont\u00f3 este a\u00f1o con la participaci\u00f3n Abel Pintos, quien present\u00f3 su \u00e1lbum \u201cAlta en el Cielo\u201d junto a la Asociaci\u00f3n de Profesores de la Orquesta Estable del Teatro Col\u00f3n, con la direcci\u00f3n de Ezequiel Silberstein. Lo acompa\u00f1aron Jairo y Marcela Morelo, en una noche incre\u00edble.<\/strong><\/em><!--more--><\/p>\n<div id=\"attachment_11871\" style=\"width: 310px\" class=\"wp-caption alignright\"><img loading=\"lazy\" decoding=\"async\" aria-describedby=\"caption-attachment-11871\" class=\"wp-image-11871 size-medium\" src=\"https:\/\/www.visionweb.com.ar\/wp-content\/uploads\/2023\/09\/gala-fleni-300x139.png\" alt=\"\" width=\"300\" height=\"139\" srcset=\"https:\/\/www.visionweb.com.ar\/wp-content\/uploads\/2023\/09\/gala-fleni-300x139.png 300w, https:\/\/www.visionweb.com.ar\/wp-content\/uploads\/2023\/09\/gala-fleni.png 493w\" sizes=\"auto, (max-width: 300px) 100vw, 300px\" \/><p id=\"caption-attachment-11871\" class=\"wp-caption-text\">La Gala Fleni a beneficio del proyecto \u201c+ Tecnolog\u00eda + Salud\u201d<\/p><\/div>\n<p><strong>E<\/strong>l esplendor del teatro y el apoyo a la ciencia se aunaron en una noche impactante en la <strong>Gala del Fleni<\/strong>, este a\u00f1o a beneficio del proyecto <strong>\u201c+ Tecnolog\u00eda + Salud\u201d<\/strong>, en una nueva edici\u00f3n del evento de recaudaci\u00f3n de fondos, y que cont\u00f3 con la impecable actuaci\u00f3n de <strong>Abel Pintos<\/strong>, junto a <strong>Marcela Morelo<\/strong> y <strong>Jairo<\/strong>.<\/p>\n<p>\u201cEl Fleni es el n\u00famero uno en su atenci\u00f3n y en tecnolog\u00eda son <strong>60 a\u00f1os prevenci\u00f3n, tratamiento, en rehabilitaci\u00f3n<\/strong> y siempre con innovaciones, tanto en la sede de Belgrano como en la de Escobar. Ampli\u00f3 la atenci\u00f3n en alta complejidad como en la neuropediatr\u00eda. Ha recibido menciones nacionales e internacionales\u201d, detall\u00f3 Guillermo Lobo, en la apertura y conducci\u00f3n del evento.<\/p>\n<p>A su truno, el presidente del Fleni, <strong>Fernando Carcavallo<\/strong>, inici\u00f3 con agradecimientos: \u201cGracias por acompa\u00f1arnos en esta nueva Gala del Fleni, en este maravilloso Teatro Col\u00f3n\u201d, expres\u00f3. A la vez, destac\u00f3 a las autoridades, a Jorge Telerman, a toda la comisi\u00f3n del Teatro, a los artistas y sus equipos, como as\u00ed tambi\u00e9n al aporte del p\u00fablico presente en general.<\/p>\n<p>Luego prosigui\u00f3: \u201cEn especial a quienes han hecho posible que esta noche podamos estar ac\u00e1, que son nuestros benefactores: los se\u00f1ores Diego Lerner, Mart\u00edn Iraola, Mat\u00edas Bosh, Bebe Contepomi\u201d, entre otros, destac\u00f3 Carcavallo.<\/p>\n<p>Con referencia a Abel Pintos, el directivo de la Fundaci\u00f3n relat\u00f3 que \u201cNo s\u00f3lo se interes\u00f3 por este evento ben\u00e9fico recaudatorio, sino que adem\u00e1s recorri\u00f3 la sede Escobar por completo, cama por cama\u201d.<\/p>\n<p>As\u00ed, el artista <strong>Abel Pintos<\/strong>, present\u00f3 en La Gala su reciente \u00e1lbum \u201cAlta en el Cielo\u201d, una brillante idea en la que interpreta canciones patrias, que incluye el mismo Himno Nacional Argentino. Y fue sencillamente impactante cuando comenz\u00f3 con el himno al General San Mart\u00edn, acompa\u00f1ado por la <strong>Asociaci\u00f3n de Profesores de la Orquesta Estable del Teatro Col\u00f3n<\/strong>, y con la direcci\u00f3n Orquestal de <strong>Ezequiel Silberstein<\/strong>.<\/p>\n<div id=\"attachment_11872\" style=\"width: 310px\" class=\"wp-caption alignleft\"><img loading=\"lazy\" decoding=\"async\" aria-describedby=\"caption-attachment-11872\" class=\"wp-image-11872 size-medium\" src=\"https:\/\/www.visionweb.com.ar\/wp-content\/uploads\/2023\/09\/fleni-colon-300x155.png\" alt=\"\" width=\"300\" height=\"155\" srcset=\"https:\/\/www.visionweb.com.ar\/wp-content\/uploads\/2023\/09\/fleni-colon-300x155.png 300w, https:\/\/www.visionweb.com.ar\/wp-content\/uploads\/2023\/09\/fleni-colon.png 563w\" sizes=\"auto, (max-width: 300px) 100vw, 300px\" \/><p id=\"caption-attachment-11872\" class=\"wp-caption-text\">Abel Pintos, acompa\u00f1ado por Marcela Morelo y Jairo, en la Gala del imponente Teatro Col\u00f3n.<\/p><\/div>\n<p>M\u00e1s tarde, el artista don\u00f3 una guitarra ac\u00fastica propia que ser\u00e1 subastada pr\u00f3ximamente, con el mismo prop\u00f3sito de recaudar fondos, aunque, no sin antes interpretar dos temas de su autor\u00eda: \u201cCuando quieras caminar, no me importa d\u00f3nde vas, quiero ser tu acompa\u00f1ante\u2026\u201d.<\/p>\n<p>En la finalizaci\u00f3n del evento, las autoridades de la instituci\u00f3n hicieron entrega de placas conmemorativas a los tres artistas, en agradecimiento a su participaci\u00f3n.<\/p>\n<p>Hubo 2700 asistentes en un teatro a pleno y en el contexto de una noche extraordinaria, donde <strong>primaron la voluntad de colaborar y el exquisito gusto por el arte<\/strong>, de hecho las entradas se agotaron de inmediato, luego de ser lanzadas a la venta.<\/p>\n<p><strong>Acerca del Fleni:<\/strong> \u201cEs una organizaci\u00f3n sin fines de lucro creada en el a\u00f1o 1959 por el Dr. Ra\u00fal Carrea (entonces Jefe de la \u00abSala 18\u00bb del Hospital de Ni\u00f1os Dr. Ricardo Guti\u00e9rrez) junto a un grupo de benefactores, con el objetivo inicial de contribuir a la prevenci\u00f3n y <strong>lucha contra las enfermedades neurol\u00f3gicas de la infancia<\/strong>\u201d, indica su p\u00e1gina web.<\/p>\n<p>\u201cA m\u00e1s de 60 a\u00f1os de su creaci\u00f3n,\u00a0Fleni<strong>\u00a0<\/strong>ha evolucionado hacia una prestaci\u00f3n integral de patolog\u00edas neurol\u00f3gicas que incluye la <strong>prevenci\u00f3n, el diagn\u00f3stico, el tratamiento y la rehabilitaci\u00f3n<\/strong>, y es hoy en d\u00eda una instituci\u00f3n m\u00e9dica de prestigio internacional que atiende a ni\u00f1os y adultos en todo lo relacionado a las Neurociencias\u201d (\u2026), y destina todos sus ingresos a ofrecer atenci\u00f3n de primer nivel y a <strong>capacitar permanentemente a sus equipos m\u00e9dicos y de investigaci\u00f3n<\/strong>\u201d. <strong>(VW)<\/strong><\/p>\n<p>&nbsp;<\/p>\n","protected":false},"excerpt":{"rendered":"<p>La Gala Solidaria cont\u00f3 este a\u00f1o con la participaci\u00f3n Abel Pintos, quien present\u00f3 su \u00e1lbum \u201cAlta en el Cielo\u201d junto a la Asociaci\u00f3n de Profesores de la Orquesta Estable del Teatro Col\u00f3n, con la&#46;&#46;&#46;<\/p>\n","protected":false},"author":4,"featured_media":11872,"comment_status":"closed","ping_status":"closed","sticky":false,"template":"","format":"standard","meta":{"_monsterinsights_skip_tracking":false,"_monsterinsights_sitenote_active":false,"_monsterinsights_sitenote_note":"","_monsterinsights_sitenote_category":0,"footnotes":""},"categories":[8,5],"tags":[4944,4942,4943],"class_list":["post-11870","post","type-post","status-publish","format-standard","has-post-thumbnail","hentry","category-interes-general","category-sociedad","tag-abel-pintos","tag-gala-fleni","tag-teatro-colon"],"_links":{"self":[{"href":"https:\/\/www.visionweb.com.ar\/index.php?rest_route=\/wp\/v2\/posts\/11870","targetHints":{"allow":["GET"]}}],"collection":[{"href":"https:\/\/www.visionweb.com.ar\/index.php?rest_route=\/wp\/v2\/posts"}],"about":[{"href":"https:\/\/www.visionweb.com.ar\/index.php?rest_route=\/wp\/v2\/types\/post"}],"author":[{"embeddable":true,"href":"https:\/\/www.visionweb.com.ar\/index.php?rest_route=\/wp\/v2\/users\/4"}],"replies":[{"embeddable":true,"href":"https:\/\/www.visionweb.com.ar\/index.php?rest_route=%2Fwp%2Fv2%2Fcomments&post=11870"}],"version-history":[{"count":1,"href":"https:\/\/www.visionweb.com.ar\/index.php?rest_route=\/wp\/v2\/posts\/11870\/revisions"}],"predecessor-version":[{"id":11873,"href":"https:\/\/www.visionweb.com.ar\/index.php?rest_route=\/wp\/v2\/posts\/11870\/revisions\/11873"}],"wp:featuredmedia":[{"embeddable":true,"href":"https:\/\/www.visionweb.com.ar\/index.php?rest_route=\/wp\/v2\/media\/11872"}],"wp:attachment":[{"href":"https:\/\/www.visionweb.com.ar\/index.php?rest_route=%2Fwp%2Fv2%2Fmedia&parent=11870"}],"wp:term":[{"taxonomy":"category","embeddable":true,"href":"https:\/\/www.visionweb.com.ar\/index.php?rest_route=%2Fwp%2Fv2%2Fcategories&post=11870"},{"taxonomy":"post_tag","embeddable":true,"href":"https:\/\/www.visionweb.com.ar\/index.php?rest_route=%2Fwp%2Fv2%2Ftags&post=11870"}],"curies":[{"name":"wp","href":"https:\/\/api.w.org\/{rel}","templated":true}]}}