{"id":11859,"date":"2023-09-19T10:00:09","date_gmt":"2023-09-19T13:00:09","guid":{"rendered":"https:\/\/www.visionweb.com.ar\/?p=11859"},"modified":"2023-09-19T10:01:14","modified_gmt":"2023-09-19T13:01:14","slug":"tarifas-luego-de-las-elecciones-vuelven-los-ajustes-tarifarios","status":"publish","type":"post","link":"https:\/\/www.visionweb.com.ar\/?p=11859","title":{"rendered":"Tarifas: Luego de las elecciones vuelven los ajustes tarifarios"},"content":{"rendered":"<p><em><strong>Entre otros servicios ser\u00e1n para la luz y el gas. As\u00ed lo aseguraron funcionarios de la cartera econ\u00f3mica. La medida se\u00a0 hab\u00eda postergado despu\u00e9s de las PASO.<\/strong><\/em><!--more--><\/p>\n<p><img loading=\"lazy\" decoding=\"async\" class=\"size-medium wp-image-5853 alignright\" src=\"https:\/\/www.visionweb.com.ar\/wp-content\/uploads\/2022\/05\/tarifas-gas-300x225.jpg\" alt=\"\" width=\"300\" height=\"225\" srcset=\"https:\/\/www.visionweb.com.ar\/wp-content\/uploads\/2022\/05\/tarifas-gas-300x225.jpg 300w, https:\/\/www.visionweb.com.ar\/wp-content\/uploads\/2022\/05\/tarifas-gas-768x576.jpg 768w, https:\/\/www.visionweb.com.ar\/wp-content\/uploads\/2022\/05\/tarifas-gas-320x240.jpg 320w, https:\/\/www.visionweb.com.ar\/wp-content\/uploads\/2022\/05\/tarifas-gas.jpg 1024w\" sizes=\"auto, (max-width: 300px) 100vw, 300px\" \/><\/p>\n<p><strong>E<\/strong>l viceministro de Econom\u00eda, Gabriel Rubinstein, confirm\u00f3, en las \u00faltimas horas,\u00a0 que el Gobierno impulsar\u00e1 un aumento de las tarifas energ\u00e9ticas de luz y gas en noviembre, despu\u00e9s de las elecciones, una medida que se pospuso por la disparada inflacionaria que se dio tras los resultados de las PASO.<\/p>\n<p>Consultado acerca de por qu\u00e9 dentro del paquete de medidas para morigerar la suba de precios no se incluy\u00f3 el congelamiento de tarifas, el funcionario explic\u00f3 que los anuncios se tomaron en el \u201cfragor\u201d de la disparada inflacionaria de agosto pero que despu\u00e9s de octubre volver\u00e1n las subas.<\/p>\n<p>\u201cSe tom\u00f3 la decisi\u00f3n de posponer los aumentos de tarifas esperando que la situaci\u00f3n calme y hay un aumento previsto en noviembre, ah\u00ed se retomar\u00e1 el sendero\u201d, indic\u00f3 <strong>en declaraciones al ciclo Intratables<\/strong>.<\/p>\n<p>El Gobierno proyecta que el redireccionamiento de los subsidios energ\u00e9ticos contribuir\u00e1 a acercar el d\u00e9ficit fiscal a la meta de 1,9% del PBI, n\u00famero que fue confirmado en el proyecto del Presupuesto 2024 ya ingresado al Congreso para su debate. Para analistas, las tarifas presentan un retraso tal, en los \u00faltimos cuatro a\u00f1os de la gesti\u00f3n del presidente Alberto Fern\u00e1ndez, que deber\u00edan subir un 54% para alcanzar a la inflaci\u00f3n general.<\/p>\n<p>Seg\u00fan public\u00f3 la agencia DIB, en septiembre, la Secretar\u00eda de Energ\u00eda hab\u00eda autorizado incrementos de hasta 11% en la boleta de luz de los usuarios que quedaron dentro de las categor\u00edas de ingresos m\u00e1s altos -5,3 millones de hogares- y medios -2,8 millones-. Sin embargo, el aumento se pospuso hasta noviembre, que seg\u00fan el vice de Sergio Massa en econom\u00eda finalmente se concretar\u00e1.<\/p>\n<p>Cabe recordar que en el Staff Report de la quinta y sexta revisi\u00f3n del acuerdo de Facilidades Extendidas firmado con el FMI a fines de julio, el Gobierno se comprometi\u00f3 a \u201cajustar los precios de la electricidad desde el 1 de septiembre, para los usuarios residenciales de renta baja y media, de acuerdo con la legislaci\u00f3n y los objetivos de recuperaci\u00f3n de costes acordados\u201d. Lo mismo regir\u00eda para los precios del gas natural<strong>(VW)<\/strong><\/p>\n","protected":false},"excerpt":{"rendered":"<p>Entre otros servicios ser\u00e1n para la luz y el gas. As\u00ed lo aseguraron funcionarios de la cartera econ\u00f3mica. La medida se\u00a0 hab\u00eda postergado despu\u00e9s de las PASO.<\/p>\n","protected":false},"author":3,"featured_media":5853,"comment_status":"closed","ping_status":"closed","sticky":false,"template":"","format":"standard","meta":{"_monsterinsights_skip_tracking":false,"_monsterinsights_sitenote_active":false,"_monsterinsights_sitenote_note":"","_monsterinsights_sitenote_category":0,"footnotes":""},"categories":[8],"tags":[141,1826,4940,1082],"class_list":["post-11859","post","type-post","status-publish","format-standard","has-post-thumbnail","hentry","category-interes-general","tag-aumentos","tag-gas","tag-lut","tag-servicios"],"_links":{"self":[{"href":"https:\/\/www.visionweb.com.ar\/index.php?rest_route=\/wp\/v2\/posts\/11859","targetHints":{"allow":["GET"]}}],"collection":[{"href":"https:\/\/www.visionweb.com.ar\/index.php?rest_route=\/wp\/v2\/posts"}],"about":[{"href":"https:\/\/www.visionweb.com.ar\/index.php?rest_route=\/wp\/v2\/types\/post"}],"author":[{"embeddable":true,"href":"https:\/\/www.visionweb.com.ar\/index.php?rest_route=\/wp\/v2\/users\/3"}],"replies":[{"embeddable":true,"href":"https:\/\/www.visionweb.com.ar\/index.php?rest_route=%2Fwp%2Fv2%2Fcomments&post=11859"}],"version-history":[{"count":2,"href":"https:\/\/www.visionweb.com.ar\/index.php?rest_route=\/wp\/v2\/posts\/11859\/revisions"}],"predecessor-version":[{"id":11861,"href":"https:\/\/www.visionweb.com.ar\/index.php?rest_route=\/wp\/v2\/posts\/11859\/revisions\/11861"}],"wp:featuredmedia":[{"embeddable":true,"href":"https:\/\/www.visionweb.com.ar\/index.php?rest_route=\/wp\/v2\/media\/5853"}],"wp:attachment":[{"href":"https:\/\/www.visionweb.com.ar\/index.php?rest_route=%2Fwp%2Fv2%2Fmedia&parent=11859"}],"wp:term":[{"taxonomy":"category","embeddable":true,"href":"https:\/\/www.visionweb.com.ar\/index.php?rest_route=%2Fwp%2Fv2%2Fcategories&post=11859"},{"taxonomy":"post_tag","embeddable":true,"href":"https:\/\/www.visionweb.com.ar\/index.php?rest_route=%2Fwp%2Fv2%2Ftags&post=11859"}],"curies":[{"name":"wp","href":"https:\/\/api.w.org\/{rel}","templated":true}]}}