{"id":11857,"date":"2023-09-19T09:35:58","date_gmt":"2023-09-19T12:35:58","guid":{"rendered":"https:\/\/www.visionweb.com.ar\/?p=11857"},"modified":"2023-09-19T10:10:36","modified_gmt":"2023-09-19T13:10:36","slug":"ganancias-diputados-sesionan-hoy-para-aprobar-el-proyecto-y-los-gremios-marcharan-en-apoyo","status":"publish","type":"post","link":"https:\/\/www.visionweb.com.ar\/?p=11857","title":{"rendered":"Ganancias: Diputados sesionan hoy para aprobar el proyecto, y los gremios marchar\u00e1n en apoyo"},"content":{"rendered":"<p><em><strong>El proyecto apunta a la eliminaci\u00f3n de la cuarta categor\u00eda y fija el pago para contribuyentes que superen los 15 sueldos m\u00ednimos mensuales. Juntos por el Cambio rechaza el proyecto, porque se aplica \u201csin su correspondiente baja del gasto p\u00fablico\u201d.<\/strong><\/em><!--more--><\/p>\n<p><strong><img loading=\"lazy\" decoding=\"async\" class=\"size-medium wp-image-7911 alignright\" src=\"https:\/\/www.visionweb.com.ar\/wp-content\/uploads\/2022\/10\/DIPUTADOS-PRESUPUESTO-300x200.png\" alt=\"\" width=\"300\" height=\"200\" srcset=\"https:\/\/www.visionweb.com.ar\/wp-content\/uploads\/2022\/10\/DIPUTADOS-PRESUPUESTO-300x200.png 300w, https:\/\/www.visionweb.com.ar\/wp-content\/uploads\/2022\/10\/DIPUTADOS-PRESUPUESTO.png 640w\" sizes=\"auto, (max-width: 300px) 100vw, 300px\" \/>\u00a0 L<\/strong>a<strong> C\u00e1mara de Diputados <\/strong>tratar\u00e1 hoy, a partir de las 13 horas en una sesi\u00f3n especial y marat\u00f3nica, <strong>el proyecto de ley de reforma al impuesto a las Ganancias\u00a0<\/strong>elaborado por el Poder Ejecutivo, que ya obtuvo ayer dictamen de mayor\u00eda en la comisi\u00f3n de Presupuesto y Hacienda.<\/p>\n<p>La iniciativa establece que<strong> se elimina la cuarta categor\u00eda del gravamen y se crea en reemplazo un impuesto cedular que fija que\u00a0s\u00f3lo pagar\u00e1n el\u00a0impuesto los ingresos superiores a 15 sueldos m\u00ednimos mensuales, que hoy representan m\u00e1s de $ 1.770.000.<\/strong><\/p>\n<p>El dictamen mayoritario cosech\u00f3 25 firmas, ya que cont\u00f3 con el respaldo de 24 legisladores del Frente de Todos (FdT) y uno del Frente de la Concordia Misionero, sobre un total de 49 legisladores que conforman ese organismo asesor del cuerpo legislativo, consignaron diferentes portales de noticias.<\/p>\n<p><strong>Juntos por el Cambio (JxC) rechaz\u00f3 el proyecto y present\u00f3 un dictamen de minor\u00eda\u00a0con 12 firmas, <\/strong>y algunos de sus miembros no descartan pedir que esta iniciativa<strong> se trate junto con el Presupuesto 2024.<\/strong><\/p>\n<p>Por parte de la oposici\u00f3n, el diputado de JxC, Jos\u00e9 Luis Espert, insisti\u00f3 en que la iniciativa\u00a0es \u201cirresponsable\u201d porque se aplica<strong> \u201csin su correspondiente baja del gasto p\u00fablico\u201d. <\/strong>\u201cPor beneficiar a unos pocos, se perjudicar\u00e1 a los 46 millones de argentinos\u201d, detall\u00f3.<\/p>\n<p>El oficialismo cuenta con n\u00famero para obtener el qu\u00f3rum reglamentario de 129 miembros para debatir, en la sesi\u00f3n especial que comenzar\u00e1 a las 13, la iniciativa con sus 118 integrantes, cuatro de izquierda, cuatro de partidos provinciales y tres legisladores peronistas del interbloque federal, con lo cual ya tiene garantizada la presencia de 129 legisladores.<\/p>\n<p>Tambi\u00e9n se sumar\u00e1n los diputados y gobernadores electos de Santa Cruz, Claudio Vidal, y de Neuqu\u00e9n, Rolando Figueroa, provincias en las que se encuentran los principales emprendimientos petroleros, con trabajadores que pagan el impuesto a las Ganancias.<\/p>\n<p><strong>Gremios marchar\u00e1n al Congreso<\/strong><\/p>\n<p>Encabezados por los gremios de Camioneros y Bancarios, trabajadores ir\u00e1n al Congreso este martes para presionar por la iniciativa.<\/p>\n<p>La convocatoria tiene como principales exponentes a los gremios Camioneros de\u00a0<strong>Pablo Moyano<\/strong>\u00a0y La Bancaria que lidera\u00a0<strong>Sergio Palazzo\u00a0<\/strong>cuyo proyecto fue tomado como base en la propuesta girada al Poder Legislativo por parte del ministro de Econom\u00eda, Sergio Massa.<\/p>\n<p>Pablo Moyano, quien tambi\u00e9n lidera el Frente Sindical para el Modelo Nacional (Fresimona), detall\u00f3 que la marcha se realizar\u00e1 desde las 10 y que tambi\u00e9n participar\u00e1n los gremios de ese espacio, del transporte (CATT) y de otras organizaciones sindicales y sociales.<\/p>\n<p>En ese sentido, Pablo Moyano advirti\u00f3: \u00abLos trabajadores acompa\u00f1ar\u00e1n y respaldar\u00e1n el proyecto, mientras la oposici\u00f3n pol\u00edtica asegura que no lo har\u00e1, perjudicando a todo el pueblo argentino\u00bb dijo.<\/p>\n<p>Por su parte, los <strong>Judiciales bonaerenses<\/strong> se sumar\u00e1n a la movilizaci\u00f3n Intersindical convocada al Congreso Nacional: \u201cLa eliminaci\u00f3n de esta categor\u00eda del Impuesto a las Ganancias implica una soluci\u00f3n de fondo que redundar\u00eda en que miles y miles de trabajadores dejen de sufrir este injusto impuesto, especialmente resuelve un largo reclamo de la AJB referido a la afectaci\u00f3n del impuesto sobre miles de jubilados y jubiladas judiciales\u201d expresaron. <strong>(VW)<\/strong><\/p>\n","protected":false},"excerpt":{"rendered":"<p>El proyecto apunta a la eliminaci\u00f3n de la cuarta categor\u00eda y fija el pago para contribuyentes que superen los 15 sueldos m\u00ednimos mensuales. Juntos por el Cambio rechaza el proyecto, porque se aplica \u201csin&#46;&#46;&#46;<\/p>\n","protected":false},"author":4,"featured_media":7911,"comment_status":"closed","ping_status":"closed","sticky":false,"template":"","format":"standard","meta":{"_monsterinsights_skip_tracking":false,"_monsterinsights_sitenote_active":false,"_monsterinsights_sitenote_note":"","_monsterinsights_sitenote_category":0,"footnotes":""},"categories":[6,4],"tags":[4938,4939,4937,3202],"class_list":["post-11857","post","type-post","status-publish","format-standard","has-post-thumbnail","hentry","category-economia","category-politica","tag-aprobar-proyecto","tag-gremios-apoyan","tag-proyecto-ganacias","tag-sergio-massa"],"_links":{"self":[{"href":"https:\/\/www.visionweb.com.ar\/index.php?rest_route=\/wp\/v2\/posts\/11857","targetHints":{"allow":["GET"]}}],"collection":[{"href":"https:\/\/www.visionweb.com.ar\/index.php?rest_route=\/wp\/v2\/posts"}],"about":[{"href":"https:\/\/www.visionweb.com.ar\/index.php?rest_route=\/wp\/v2\/types\/post"}],"author":[{"embeddable":true,"href":"https:\/\/www.visionweb.com.ar\/index.php?rest_route=\/wp\/v2\/users\/4"}],"replies":[{"embeddable":true,"href":"https:\/\/www.visionweb.com.ar\/index.php?rest_route=%2Fwp%2Fv2%2Fcomments&post=11857"}],"version-history":[{"count":3,"href":"https:\/\/www.visionweb.com.ar\/index.php?rest_route=\/wp\/v2\/posts\/11857\/revisions"}],"predecessor-version":[{"id":11863,"href":"https:\/\/www.visionweb.com.ar\/index.php?rest_route=\/wp\/v2\/posts\/11857\/revisions\/11863"}],"wp:featuredmedia":[{"embeddable":true,"href":"https:\/\/www.visionweb.com.ar\/index.php?rest_route=\/wp\/v2\/media\/7911"}],"wp:attachment":[{"href":"https:\/\/www.visionweb.com.ar\/index.php?rest_route=%2Fwp%2Fv2%2Fmedia&parent=11857"}],"wp:term":[{"taxonomy":"category","embeddable":true,"href":"https:\/\/www.visionweb.com.ar\/index.php?rest_route=%2Fwp%2Fv2%2Fcategories&post=11857"},{"taxonomy":"post_tag","embeddable":true,"href":"https:\/\/www.visionweb.com.ar\/index.php?rest_route=%2Fwp%2Fv2%2Ftags&post=11857"}],"curies":[{"name":"wp","href":"https:\/\/api.w.org\/{rel}","templated":true}]}}