{"id":11855,"date":"2023-09-18T18:00:04","date_gmt":"2023-09-18T21:00:04","guid":{"rendered":"https:\/\/www.visionweb.com.ar\/?p=11855"},"modified":"2023-09-18T18:00:04","modified_gmt":"2023-09-18T21:00:04","slug":"aysa-anuncio-cortes-del-servicio-de-aguas-en-el-distritos-de-lomas-de-zamora","status":"publish","type":"post","link":"https:\/\/www.visionweb.com.ar\/?p=11855","title":{"rendered":"Aysa anunci\u00f3 cortes del servicio de aguas en el distritos de Lomas de Zamora"},"content":{"rendered":"<p><em><strong>Los cortes ser\u00e1n entre este domingo y el pr\u00f3ximo 24 de septiembre. Los cortes tiene por objetivo trabajar en el mejoramiento de la infraestructura de agua para aumentar la presi\u00f3n.<\/strong><\/em>\u00a0 <!--more--><\/p>\n<p><img loading=\"lazy\" decoding=\"async\" class=\"size-medium wp-image-7734 alignright\" src=\"https:\/\/www.visionweb.com.ar\/wp-content\/uploads\/2022\/10\/aysa-300x208.jpg\" alt=\"\" width=\"300\" height=\"208\" srcset=\"https:\/\/www.visionweb.com.ar\/wp-content\/uploads\/2022\/10\/aysa-300x208.jpg 300w, https:\/\/www.visionweb.com.ar\/wp-content\/uploads\/2022\/10\/aysa.bmp 596w\" sizes=\"auto, (max-width: 300px) 100vw, 300px\" \/>Un programa de cortes rotativos en el suministro de agua\u00a0 fue anunciado por AySA y rige desde este domingo y hasta el 24 de este mes en el municipio de Lomas de Zamora que apunta a mejorar la presi\u00f3n de agua.<\/p>\n<p>Estas interrupciones afectar\u00e1n a varios barrios del distrito,\u00a0<strong>desde hoy al domingo 24 de septiembre con cortes que ir\u00e1n de 8 a 17<\/strong>, excepto algunos casos puntuales en las que los interrupciones cesar\u00e1n entre las 15 o 16 , infoirmaron desde AySA.<\/p>\n<p><strong>Los cortes d\u00eda por d\u00eda\u00a0<\/strong><\/p>\n<p><strong>El lunes 18 de septiembre, los vecinos de Llavallol\u00a0<\/strong>tendr\u00e1n baja presi\u00f3n en el suministro de agua en el \u00e1rea abarcada por las calles Santa Catalina, Av. Ant\u00e1rtida Argentina, Charlone y Cap. de Frag. Moyano.<\/p>\n<p>Tambi\u00e9n el\u00a0<strong>mi\u00e9rcoles 20 habra interrupci\u00f3n en Llavallol<\/strong>\u00a0en el \u00e1rea delimitada por Arist\u00f3bulo del Valle, Av. Ant\u00e1rtida Argentina, Machado de As\u00eds, Cnel. Pringles, La Huella, Garibaldi y Blvd. Santa Catalina.<\/p>\n<p>Por otro lado,\u00a0<strong>el martes 19, mi\u00e9rcoles 20 y jueves 21, entre las 8 y las 17\u00a0<\/strong>, se llevar\u00e1n a cabo trabajos de mantenimiento en\u00a0<strong>Temperley<\/strong>. Afectar\u00e1 \u00e1reas entre las calles Garibaldi, Av. Yrigoyen, FF.CC. Roca, Pichincha y Gral. Fr\u00edas.<\/p>\n<p>Asimismo,\u00a0<strong>el mi\u00e9rcoles 20<\/strong>, entre las 8 y las 16, se espera una interrupci\u00f3n del suministro en Temperley Loreto, Av. Segurola, Alzaga, Av. E. Per\u00f3n y FF.CC. Roca.<\/p>\n<p>En\u00a0<strong>Banfield, el mi\u00e9rcoles 20<\/strong>, se esperan interrupciones en las calles Vergara, Malabia, Aconcagua, Granaderos y Pe\u00f1a.<\/p>\n<p><strong>El jueves 21, entre las 8 y las 16\u00a0<\/strong>, los vecinos de\u00a0<strong>Banfield y Lomas\u00a0<\/strong>tendr\u00e1n baja presi\u00f3n o falta de agua en Av. Alsina, Rinc\u00f3n, 11 de Septiembre y Matheu.<\/p>\n<p>El\u00a0<strong>viernes 22 de septiembre, entre las 8 y las 17\u00a0<\/strong>, se realizar\u00e1n trabajos en\u00a0<strong>Turdera<\/strong>. Afectar\u00e1 el \u00e1rea delimitada por Av. Yrigoyen, Fray Esqui\u00fa, Av. Segurola, FF.CC. Roca y Santa Marta<strong>(VW)<\/strong>.<\/p>\n<p>&nbsp;<\/p>\n","protected":false},"excerpt":{"rendered":"<p>Los cortes ser\u00e1n entre este domingo y el pr\u00f3ximo 24 de septiembre. Los cortes tiene por objetivo trabajar en el mejoramiento de la infraestructura de agua para aumentar la presi\u00f3n.\u00a0<\/p>\n","protected":false},"author":3,"featured_media":7734,"comment_status":"closed","ping_status":"closed","sticky":false,"template":"","format":"standard","meta":{"_monsterinsights_skip_tracking":false,"_monsterinsights_sitenote_active":false,"_monsterinsights_sitenote_note":"","_monsterinsights_sitenote_category":0,"footnotes":""},"categories":[8],"tags":[2859,787,277,4284],"class_list":["post-11855","post","type-post","status-publish","format-standard","has-post-thumbnail","hentry","category-interes-general","tag-agua","tag-aysa","tag-cortes","tag-lomas"],"_links":{"self":[{"href":"https:\/\/www.visionweb.com.ar\/index.php?rest_route=\/wp\/v2\/posts\/11855","targetHints":{"allow":["GET"]}}],"collection":[{"href":"https:\/\/www.visionweb.com.ar\/index.php?rest_route=\/wp\/v2\/posts"}],"about":[{"href":"https:\/\/www.visionweb.com.ar\/index.php?rest_route=\/wp\/v2\/types\/post"}],"author":[{"embeddable":true,"href":"https:\/\/www.visionweb.com.ar\/index.php?rest_route=\/wp\/v2\/users\/3"}],"replies":[{"embeddable":true,"href":"https:\/\/www.visionweb.com.ar\/index.php?rest_route=%2Fwp%2Fv2%2Fcomments&post=11855"}],"version-history":[{"count":1,"href":"https:\/\/www.visionweb.com.ar\/index.php?rest_route=\/wp\/v2\/posts\/11855\/revisions"}],"predecessor-version":[{"id":11856,"href":"https:\/\/www.visionweb.com.ar\/index.php?rest_route=\/wp\/v2\/posts\/11855\/revisions\/11856"}],"wp:featuredmedia":[{"embeddable":true,"href":"https:\/\/www.visionweb.com.ar\/index.php?rest_route=\/wp\/v2\/media\/7734"}],"wp:attachment":[{"href":"https:\/\/www.visionweb.com.ar\/index.php?rest_route=%2Fwp%2Fv2%2Fmedia&parent=11855"}],"wp:term":[{"taxonomy":"category","embeddable":true,"href":"https:\/\/www.visionweb.com.ar\/index.php?rest_route=%2Fwp%2Fv2%2Fcategories&post=11855"},{"taxonomy":"post_tag","embeddable":true,"href":"https:\/\/www.visionweb.com.ar\/index.php?rest_route=%2Fwp%2Fv2%2Ftags&post=11855"}],"curies":[{"name":"wp","href":"https:\/\/api.w.org\/{rel}","templated":true}]}}