{"id":11850,"date":"2023-09-18T10:30:06","date_gmt":"2023-09-18T13:30:06","guid":{"rendered":"https:\/\/www.visionweb.com.ar\/?p=11850"},"modified":"2023-09-18T10:30:06","modified_gmt":"2023-09-18T13:30:06","slug":"lomas-de-zamora-comienzan-obras-en-mas-de-50-cuadras-de-la-avenida-hipolito-yrigoyen","status":"publish","type":"post","link":"https:\/\/www.visionweb.com.ar\/?p=11850","title":{"rendered":"Lomas de Zamora: Comienzan obras en m\u00e1s de 50 cuadras de la avenida Hip\u00f3lito Yrigoyen"},"content":{"rendered":"<p><em><strong>Los trabajos beneficiar\u00e1n a los vecinos y a miles de automovilistas que circulan en esa arteria clave del sur del Conurbano bonaerense. Las cuadrillas ya comenzaron a trabajar en la zona de Banfield. Las renovaciones se extender\u00e1n hasta Turdera.<\/strong><\/em><!--more--><\/p>\n<div id=\"attachment_11851\" style=\"width: 310px\" class=\"wp-caption alignright\"><img loading=\"lazy\" decoding=\"async\" aria-describedby=\"caption-attachment-11851\" class=\"wp-image-11851 size-medium\" src=\"https:\/\/www.visionweb.com.ar\/wp-content\/uploads\/2023\/09\/lomas-prensa-300x203.png\" alt=\"\" width=\"300\" height=\"203\" srcset=\"https:\/\/www.visionweb.com.ar\/wp-content\/uploads\/2023\/09\/lomas-prensa-300x203.png 300w, https:\/\/www.visionweb.com.ar\/wp-content\/uploads\/2023\/09\/lomas-prensa.png 468w\" sizes=\"auto, (max-width: 300px) 100vw, 300px\" \/><p id=\"caption-attachment-11851\" class=\"wp-caption-text\">Foto: Prensa de Lomas de Zamora<\/p><\/div>\n<p><strong> \u00a0 L<\/strong>a Secretar\u00eda de Obras y Servicios P\u00fablicos del Municipio de Lomas de Zamora inici\u00f3 la renovaci\u00f3n integral de un gran tramo de la avenida Hip\u00f3lito Yrigoyen, que abarcar\u00e1 un total de 50 cuadras, <strong>desde Uriarte en Banfield, en el l\u00edmite con Lan\u00fas, hasta la calle Segurola en Turdera, que delimita con Almirante Brown.<\/strong><\/p>\n<p>Actualmente las cuadrillas ya comenzaron a trabajar en la zona de Banfield. De esta manera, la avenida Hip\u00f3lito Yrigoyen ser\u00e1 intervenida a lo<strong>\u00a0largo de cinco kil\u00f3metros en los que su traza circula por el partido de Lomas de Zamora<\/strong>\u00a0al que conecta con los distritos vecinos de Lan\u00fas y Almirante Brown en busca de mejorar la circulaci\u00f3n vial y la conexi\u00f3n entre los partidos del sur del conurbano con la capital de la Argentina.<\/p>\n<p>En este segmento se comenzar\u00e1n a\u00a0<strong>reparar integralmente todas las calzadas<\/strong>\u00a0donde, adem\u00e1s de la repavimentaci\u00f3n en hormig\u00f3n, se contempla el\u00a0<strong>reacondicionamiento de c\u00e1maras de inspecci\u00f3n, sumideros, y desag\u00fces pluviales\u00a0<\/strong>para evitar inundaciones y anegamientos en la zona, conforme indic\u00f3 el Municipio.<\/p>\n<p>Por otro lado, se incluir\u00e1 la colocaci\u00f3n de\u00a0<strong>carpeta de concreto asf\u00e1ltico con geogrilla de control de fisuraci\u00f3n junto a la construcci\u00f3n de zonas de frenado en paradas de colectivo<\/strong>s y sus correspondientes refugios.<\/p>\n<p>Tambi\u00e9n se pondr\u00e1\u00a0<strong>se\u00f1al\u00e9ctica vial, delineadores rebatibles y se instalar\u00e1 luminaria de tecnolog\u00eda LED<\/strong>\u00a0en toda la traza. <strong>(VW)<\/strong><\/p>\n","protected":false},"excerpt":{"rendered":"<p>Los trabajos beneficiar\u00e1n a los vecinos y a miles de automovilistas que circulan en esa arteria clave del sur del Conurbano bonaerense. Las cuadrillas ya comenzaron a trabajar en la zona de Banfield. Las&#46;&#46;&#46;<\/p>\n","protected":false},"author":4,"featured_media":11851,"comment_status":"closed","ping_status":"closed","sticky":false,"template":"","format":"standard","meta":{"_monsterinsights_skip_tracking":false,"_monsterinsights_sitenote_active":false,"_monsterinsights_sitenote_note":"","_monsterinsights_sitenote_category":0,"footnotes":""},"categories":[8],"tags":[4934,318,230],"class_list":["post-11850","post","type-post","status-publish","format-standard","has-post-thumbnail","hentry","category-interes-general","tag-intervencion-de-la-av-hipolito-yrigoyen","tag-lomas-de-zamora","tag-renovacion"],"_links":{"self":[{"href":"https:\/\/www.visionweb.com.ar\/index.php?rest_route=\/wp\/v2\/posts\/11850","targetHints":{"allow":["GET"]}}],"collection":[{"href":"https:\/\/www.visionweb.com.ar\/index.php?rest_route=\/wp\/v2\/posts"}],"about":[{"href":"https:\/\/www.visionweb.com.ar\/index.php?rest_route=\/wp\/v2\/types\/post"}],"author":[{"embeddable":true,"href":"https:\/\/www.visionweb.com.ar\/index.php?rest_route=\/wp\/v2\/users\/4"}],"replies":[{"embeddable":true,"href":"https:\/\/www.visionweb.com.ar\/index.php?rest_route=%2Fwp%2Fv2%2Fcomments&post=11850"}],"version-history":[{"count":1,"href":"https:\/\/www.visionweb.com.ar\/index.php?rest_route=\/wp\/v2\/posts\/11850\/revisions"}],"predecessor-version":[{"id":11852,"href":"https:\/\/www.visionweb.com.ar\/index.php?rest_route=\/wp\/v2\/posts\/11850\/revisions\/11852"}],"wp:featuredmedia":[{"embeddable":true,"href":"https:\/\/www.visionweb.com.ar\/index.php?rest_route=\/wp\/v2\/media\/11851"}],"wp:attachment":[{"href":"https:\/\/www.visionweb.com.ar\/index.php?rest_route=%2Fwp%2Fv2%2Fmedia&parent=11850"}],"wp:term":[{"taxonomy":"category","embeddable":true,"href":"https:\/\/www.visionweb.com.ar\/index.php?rest_route=%2Fwp%2Fv2%2Fcategories&post=11850"},{"taxonomy":"post_tag","embeddable":true,"href":"https:\/\/www.visionweb.com.ar\/index.php?rest_route=%2Fwp%2Fv2%2Ftags&post=11850"}],"curies":[{"name":"wp","href":"https:\/\/api.w.org\/{rel}","templated":true}]}}