{"id":11848,"date":"2023-09-18T08:36:40","date_gmt":"2023-09-18T11:36:40","guid":{"rendered":"https:\/\/www.visionweb.com.ar\/?p=11848"},"modified":"2023-09-18T08:36:40","modified_gmt":"2023-09-18T11:36:40","slug":"rige-desde-este-lunes-el-reintegro-del-iva-con-tarjeta-de-debito","status":"publish","type":"post","link":"https:\/\/www.visionweb.com.ar\/?p=11848","title":{"rendered":"Rige desde este lunes el reintegro del IVA con tarjeta de d\u00e9bito"},"content":{"rendered":"<p><strong><em>Tambi\u00e9n con el pago con QR de bancos. El Gobierno afirm\u00f3 que aproximadamente 20 millones de personas ser\u00e1n elegibles para acceder a este beneficio al adquirir alimentos y art\u00edculos de higiene personal.<\/em><\/strong><!--more--><\/p>\n<p class=\"\"><img loading=\"lazy\" decoding=\"async\" class=\"size-medium wp-image-9214 alignright\" src=\"https:\/\/www.visionweb.com.ar\/wp-content\/uploads\/2023\/01\/afip-aplicacion-1-300x240.jpg\" alt=\"\" width=\"300\" height=\"240\" srcset=\"https:\/\/www.visionweb.com.ar\/wp-content\/uploads\/2023\/01\/afip-aplicacion-1-300x240.jpg 300w, https:\/\/www.visionweb.com.ar\/wp-content\/uploads\/2023\/01\/afip-aplicacion-1.bmp 466w\" sizes=\"auto, (max-width: 300px) 100vw, 300px\" \/>Este lunes entr\u00f3 en vigencia la ejecuci\u00f3n del programa de reintegro del Impuesto al Valor Agregado (21,5%)<strong> en las compras de productos esenciales de la canasta b\u00e1sica abonadas mediante tarjetas de d\u00e9bito, d\u00e9bito en cuenta o transferencias inmediatas<\/strong> a trav\u00e9s de c\u00f3digos QR vinculados a cuentas bancarias en entidades financieras.<\/p>\n<p>De acuerdo con la informaci\u00f3n proporcionada por el Gobierno nacional, aproximadamente 20 millones de personas ser\u00e1n elegibles para acceder a este beneficio al adquirir alimentos y art\u00edculos de higiene personal.<\/p>\n<p>Todas estas disposiciones entrar\u00e1n en vigor a partir de su publicaci\u00f3n en el Bolet\u00edn Oficial, la cual tuvo lugar el jueves pasado, y ser\u00e1n aplicables a las transacciones que se realicen a partir de las 00:00 horas del 18 de septiembre de 2023.<\/p>\n<p>La Administraci\u00f3n Federal de Ingresos P\u00fablicos explic\u00f3 que ser\u00e1n considerados beneficiarios de este r\u00e9gimen de reintegros aquellos individuos que cumplan con uno o m\u00e1s de los siguientes criterios, que no son excluyentes entre s\u00ed:<\/p>\n<p>-Jubilados y beneficiarios de pensiones por fallecimiento y pensiones no contributivas a nivel nacional (siempre y cuando la suma total de estos ingresos mensuales no supere seis veces el monto del haber m\u00ednimo garantizado).<\/p>\n<p>-Beneficiarios de asignaciones universales por hijo para protecci\u00f3n social (siempre y cuando la suma total de estos ingresos mensuales no supere seis veces el monto del haber m\u00ednimo garantizado).<\/p>\n<p>-Beneficiarios de asignaciones por embarazo para protecci\u00f3n social.<\/p>\n<p>-Trabajadores en relaci\u00f3n de dependencia, con la condici\u00f3n de que sus ingresos mensuales no excedan seis veces el valor del Salario M\u00ednimo, Vital y M\u00f3vil. En este caso, se tomar\u00e1 en cuenta la remuneraci\u00f3n bruta devengada durante el per\u00edodo fiscal del mes anterior a la fecha en que se env\u00ede la informaci\u00f3n de los beneficiarios a las entidades que administran sistemas de tarjetas de d\u00e9bito. En situaciones de pluriempleo, se sumar\u00e1n las remuneraciones brutas. (Para el presente mes, se considerar\u00e1n las remuneraciones informadas en el per\u00edodo de agosto de 2023).<\/p>\n<p>-Personal de casas particulares.<\/p>\n<p>-Monotributistas, a menos que obtengan ingresos derivados de actividades comprendidas en el \u00faltimo p\u00e1rrafo del art\u00edculo 11 del anexo de la ley 24.977.El programa \u201cCompre sin IVA,\u201d oficializado a trav\u00e9s de la Resoluci\u00f3n General N\u00ba 5418\/2023, establece un sistema de reembolso equivalente al 21% de las compras efectuadas en establecimientos minoristas o mayoristas, con un l\u00edmite m\u00e1ximo de hasta $ 18,800.<\/p>\n<p>Adem\u00e1s, se incluyen dentro del alcance de este programa las compras realizadas con la \u201cTarjeta alimentar\u201d y aquellas efectuadas con tarjetas emitidas a los beneficiarios y beneficiarias del programa \u201cPotenciar Trabajo.\u201d<\/p>\n<p>Para poder participar en el programa, los establecimientos minoristas o mayoristas deben estar debidamente registrados ante la Afip y poseer los c\u00f3digos de actividad correspondientes al Programa<strong>(VW)<\/strong><\/p>\n","protected":false},"excerpt":{"rendered":"<p>Tambi\u00e9n con el pago con QR de bancos. El Gobierno afirm\u00f3 que aproximadamente 20 millones de personas ser\u00e1n elegibles para acceder a este beneficio al adquirir alimentos y art\u00edculos de higiene personal.<\/p>\n","protected":false},"author":3,"featured_media":9214,"comment_status":"closed","ping_status":"closed","sticky":false,"template":"","format":"standard","meta":{"_monsterinsights_skip_tracking":false,"_monsterinsights_sitenote_active":false,"_monsterinsights_sitenote_note":"","_monsterinsights_sitenote_category":0,"footnotes":""},"categories":[1],"tags":[4933,4914,569,4569,2928],"class_list":["post-11848","post","type-post","status-publish","format-standard","has-post-thumbnail","hentry","category-uncategorized","tag-debito","tag-iva","tag-jubilados","tag-pesnionados","tag-reitegros"],"_links":{"self":[{"href":"https:\/\/www.visionweb.com.ar\/index.php?rest_route=\/wp\/v2\/posts\/11848","targetHints":{"allow":["GET"]}}],"collection":[{"href":"https:\/\/www.visionweb.com.ar\/index.php?rest_route=\/wp\/v2\/posts"}],"about":[{"href":"https:\/\/www.visionweb.com.ar\/index.php?rest_route=\/wp\/v2\/types\/post"}],"author":[{"embeddable":true,"href":"https:\/\/www.visionweb.com.ar\/index.php?rest_route=\/wp\/v2\/users\/3"}],"replies":[{"embeddable":true,"href":"https:\/\/www.visionweb.com.ar\/index.php?rest_route=%2Fwp%2Fv2%2Fcomments&post=11848"}],"version-history":[{"count":1,"href":"https:\/\/www.visionweb.com.ar\/index.php?rest_route=\/wp\/v2\/posts\/11848\/revisions"}],"predecessor-version":[{"id":11849,"href":"https:\/\/www.visionweb.com.ar\/index.php?rest_route=\/wp\/v2\/posts\/11848\/revisions\/11849"}],"wp:featuredmedia":[{"embeddable":true,"href":"https:\/\/www.visionweb.com.ar\/index.php?rest_route=\/wp\/v2\/media\/9214"}],"wp:attachment":[{"href":"https:\/\/www.visionweb.com.ar\/index.php?rest_route=%2Fwp%2Fv2%2Fmedia&parent=11848"}],"wp:term":[{"taxonomy":"category","embeddable":true,"href":"https:\/\/www.visionweb.com.ar\/index.php?rest_route=%2Fwp%2Fv2%2Fcategories&post=11848"},{"taxonomy":"post_tag","embeddable":true,"href":"https:\/\/www.visionweb.com.ar\/index.php?rest_route=%2Fwp%2Fv2%2Ftags&post=11848"}],"curies":[{"name":"wp","href":"https:\/\/api.w.org\/{rel}","templated":true}]}}