{"id":11843,"date":"2023-09-17T13:31:34","date_gmt":"2023-09-17T16:31:34","guid":{"rendered":"https:\/\/www.visionweb.com.ar\/?p=11843"},"modified":"2023-09-17T13:31:34","modified_gmt":"2023-09-17T16:31:34","slug":"concluyeron-las-obras-de-remodelacion-en-la-plaza-arias-lanus-oeste","status":"publish","type":"post","link":"https:\/\/www.visionweb.com.ar\/?p=11843","title":{"rendered":"Concluyeron las obras de remodelaci\u00f3n en la plaza Arias, Lan\u00fas Oeste"},"content":{"rendered":"<p><em><strong>Las obras fueron inauguradas por el intendente a cargo de la conducci\u00f3n del municipio, Diego Kravetz. La remodelaci\u00f3n incluy\u00f3 la pavimentaci\u00f3n de los pasillos que eran de tierra, la instalaci\u00f3n de equipos de riego, un espacio exclusivo para los chicos, bebedero y un canil.\u00a0\u00a0<\/strong><\/em><\/p>\n<p><!--more--><\/p>\n<p><img loading=\"lazy\" decoding=\"async\" class=\"size-medium wp-image-11844 alignright\" src=\"https:\/\/www.visionweb.com.ar\/wp-content\/uploads\/2023\/09\/ARIAS-PLAZA-300x201.png\" alt=\"\" width=\"300\" height=\"201\" srcset=\"https:\/\/www.visionweb.com.ar\/wp-content\/uploads\/2023\/09\/ARIAS-PLAZA-300x201.png 300w, https:\/\/www.visionweb.com.ar\/wp-content\/uploads\/2023\/09\/ARIAS-PLAZA.png 640w\" sizes=\"auto, (max-width: 300px) 100vw, 300px\" \/>Este s\u00e1bado fueron inauguradas las obras de remodelaci\u00f3n de la plaza Arias, ubicada en ubicada en Carlos Gardel al 1300, en Lan\u00fas Oeste, trabajos que se concretaron en el marco del programa Plazas 23..<\/p>\n<p>El acto fue presidido por el intendente (a cargo), de Lan\u00fas, Diego Kravetz, acompa\u00f1ado por el Secretario Econom\u00eda y Finanzas, Dami\u00e1n Schiavone y el presidente del Concejo Deliberante de Lan\u00fas, Jorge Schiavone,<\/p>\n<p>Durante la jornada, Kravetz recorri\u00f3 las obras que se hicieron en el marco del programa Plazas 23, que tiene el objetivo de mejorar los espacios verdes del distrito. All\u00ed, los equipos de trabajo realizaron la ampliaci\u00f3n de veredas y esquinas con sus respectivas rampas, y el armado de nuevos solados para los caminos internos.<\/p>\n<p>Asimismo, la obra incluy\u00f3 sectores de descanso y la remodelaci\u00f3n del \u00e1rea de juegos, donde se instal\u00f3 un juego tem\u00e1tico con forma de locomotora con dos escaleras de acceso, tobog\u00e1n, tubos de gateo, un panel con ta-te-ti y un sector para escalar. Adem\u00e1s, se puso en valor la calesita y se colocaron luminarias LED en todo el lugar para reforzar la seguridad.<\/p>\n<p>Los trabajos tambi\u00e9n contemplaron la construcci\u00f3n de un play\u00f3n deportivo, el armado de una espacio con juegos saludables para que los vecinos puedan realizar ejercicios y la reubicaci\u00f3n del canil que ahora cuenta con una nueva reja.<\/p>\n<p>\u201cNos propusimos convertir los espacios p\u00fablicos en un lugares de encuentro para las familias y lo estamos logrando. Estamos muy contentos de poder brindarle a los vecinos espacios que puedan disfrutar\u201d, expres\u00f3 Kravetz, luego de recorrer la plaza.<\/p>\n<p>Durante actividad, Kravetz, di\u00e1logo con Mirta Barredo, hija del calesitero, Roberto \u201cRobertito\u201d Barredo. Juntos descubrieron una placa en conmemoraci\u00f3n al hombre que cuid\u00f3 la calesita por m\u00e1s de 35 a\u00f1os.<\/p>\n<p>Luego, en compa\u00f1\u00eda de un grupo de vecinos, el intendente interino de Lan\u00fas coloc\u00f3 en la ermita que est\u00e1 ubicada en la plaza, una figura de la Virgen de Luj\u00e1n, que fue donada por la familia Ferrari, vecinos hist\u00f3ricos de la plaza.<\/p>\n<p>Las plazas que est\u00e1n siendo intervenidas por este programa son: Leandro N. Alem, ubicada en Condarco 2301 (Monte Chingolo); Dorrego, la cual est\u00e1 en la Cruz y Cavour (Remedios de Escalada) y Juan Manuel de Rosas, en la calle Moreno, esquina Dean Funes (Villa Caraza).<\/p>\n<p>Por otra parte, se iniciar\u00e1n trabajos de puesta en valor y remodelaci\u00f3n en las plazas: Dr. Harris, en Pringles, Lacarra y V\u00e9lez Sarsfield (Lan\u00fas Oeste); Yerbal, ubicada en Yerbal y Ucrania (Villa Caraza) y San Cayetano, en las calles Osorio y Arist\u00f3bulo del Valle (Lan\u00fas Oeste)<strong>(VW)<\/strong>.<\/p>\n<p>&nbsp;<\/p>\n<p>&nbsp;<\/p>\n","protected":false},"excerpt":{"rendered":"<p>Las obras fueron inauguradas por el intendente a cargo de la conducci\u00f3n del municipio, Diego Kravetz. La remodelaci\u00f3n incluy\u00f3 la pavimentaci\u00f3n de los pasillos que eran de tierra, la instalaci\u00f3n de equipos de riego,&#46;&#46;&#46;<\/p>\n","protected":false},"author":3,"featured_media":11844,"comment_status":"closed","ping_status":"closed","sticky":false,"template":"","format":"standard","meta":{"_monsterinsights_skip_tracking":false,"_monsterinsights_sitenote_active":false,"_monsterinsights_sitenote_note":"","_monsterinsights_sitenote_category":0,"footnotes":""},"categories":[3],"tags":[4346,1870,4932,3197],"class_list":["post-11843","post","type-post","status-publish","format-standard","has-post-thumbnail","hentry","category-actualidad","tag-arias","tag-inauguracion","tag-obrasa","tag-plaza"],"_links":{"self":[{"href":"https:\/\/www.visionweb.com.ar\/index.php?rest_route=\/wp\/v2\/posts\/11843","targetHints":{"allow":["GET"]}}],"collection":[{"href":"https:\/\/www.visionweb.com.ar\/index.php?rest_route=\/wp\/v2\/posts"}],"about":[{"href":"https:\/\/www.visionweb.com.ar\/index.php?rest_route=\/wp\/v2\/types\/post"}],"author":[{"embeddable":true,"href":"https:\/\/www.visionweb.com.ar\/index.php?rest_route=\/wp\/v2\/users\/3"}],"replies":[{"embeddable":true,"href":"https:\/\/www.visionweb.com.ar\/index.php?rest_route=%2Fwp%2Fv2%2Fcomments&post=11843"}],"version-history":[{"count":1,"href":"https:\/\/www.visionweb.com.ar\/index.php?rest_route=\/wp\/v2\/posts\/11843\/revisions"}],"predecessor-version":[{"id":11847,"href":"https:\/\/www.visionweb.com.ar\/index.php?rest_route=\/wp\/v2\/posts\/11843\/revisions\/11847"}],"wp:featuredmedia":[{"embeddable":true,"href":"https:\/\/www.visionweb.com.ar\/index.php?rest_route=\/wp\/v2\/media\/11844"}],"wp:attachment":[{"href":"https:\/\/www.visionweb.com.ar\/index.php?rest_route=%2Fwp%2Fv2%2Fmedia&parent=11843"}],"wp:term":[{"taxonomy":"category","embeddable":true,"href":"https:\/\/www.visionweb.com.ar\/index.php?rest_route=%2Fwp%2Fv2%2Fcategories&post=11843"},{"taxonomy":"post_tag","embeddable":true,"href":"https:\/\/www.visionweb.com.ar\/index.php?rest_route=%2Fwp%2Fv2%2Ftags&post=11843"}],"curies":[{"name":"wp","href":"https:\/\/api.w.org\/{rel}","templated":true}]}}